{"id":8471,"date":"2024-11-28T19:00:55","date_gmt":"2024-11-28T18:00:55","guid":{"rendered":"https:\/\/www1.af-kulturstiftung.de\/?p=8471"},"modified":"2026-01-22T19:01:24","modified_gmt":"2026-01-22T18:01:24","slug":"credo-projekt","status":"publish","type":"post","link":"https:\/\/www.af-kulturstiftung.de\/wordpress\/credo-projekt\/","title":{"rendered":"CREDO Projekt"},"content":{"rendered":"<section class=\"l-section wpb_row us_custom_2dbf7b3f height_auto\"><div class=\"l-section-h i-cf\"><div class=\"g-cols vc_row via_flex valign_top type_default stacking_default\"><div class=\"vc_col-sm-6 wpb_column vc_column_container\"><div class=\"vc_column-inner\"><div class=\"wpb_wrapper\"><div class=\"w-separator size_medium\"><\/div><div class=\"wpb_text_column us_custom_eb849559\"><div class=\"wpb_wrapper\"><h3 style=\"text-align: left;\">Ausstellungen\/Konzerte<\/h3>\n<h4 style=\"text-align: left;\">ANDREAS FELGER. CREDO<br \/>\nin Bild, Klang und Wort<\/h4>\n<p>&nbsp;<\/p>\n<p style=\"text-align: left;\">Im Jubil\u00e4umsjahr von Andreas Felger \u2013 anl\u00e4sslich seines 90sten Geburtstags \u2013 haben wir seinen 19-teiligen CREDO Zyklus an Orten aufgef\u00fchrt, die schon seit Jahrhunderten auch solche der Kunst sind, Kirchen und Kathedralen, die bis ins Mittelalter zur\u00fcckweisen. Immer wurde an ihnen auch die Kunst der Gegenwart gezeigt und so kn\u00fcpfen wir mit Andreas Felgers \u201eCredo\u201c an ein besonderes Konzept an. Das Glaubensbekenntnis hat er 2011 bildnerisch umgesetzt. Sebastian Bartmann hat die Gem\u00e4lde vertont; f\u00fcr weitere H\u00f6rproben und einen Kommentar des Komponisten klicken Sie bitte <a href=\"https:\/\/www.sebastianbartmann.com\/andreas_felger_credo.htm\" target=\"_blank\" rel=\"noopener\">hier<\/a>.<\/p>\n<p style=\"text-align: left;\">Norbert Lammert (Bundestagspr\u00e4sident a. D.) hat Andreas Felgers Gem\u00e4lde mit Texten herausgegeben und seit 2021 in Lesungen die Texte vorgetragen und die Bilder kommentiert. Wir freuen uns besonders, dass wir unser Projekt <strong>CREDO in Bild, Klang, Wort<\/strong> zum 1700j\u00e4hrigen Jubil\u00e4um des christlichen Glaubensbekenntnisses im <strong>Hohen Dom zu Limburg<\/strong>, in der <strong>Stiftskirche T\u00fcbingen<\/strong>, im <strong>Hohen Dom St. Marien zu Erfurt<\/strong>, im <strong>Evangelischen Augustinerkloster zu Erfurt<\/strong> und in der <strong>Stiftskirche Stuttgart<\/strong> 2025 fortsetzen konnten.<\/p>\n<p style=\"text-align: left;\">Mitwirkende bei allen Veranstaltungen waren:<\/p>\n<p style=\"text-align: left;\"><a href=\"https:\/\/www.sebastianbartmann.com\/\"><strong>Sebastian Bartmann<\/strong><\/a>, Orgel und Komposition<\/p>\n<p style=\"text-align: left;\"><a href=\"https:\/\/www.peacemanart.de\/\"><strong>Friedemann Felger<\/strong><\/a>, Ausstellungsorganisation und Videoprojektion<\/p>\n<\/div><\/div><div class=\"w-separator size_huge\"><\/div><div class=\"w-image align_none meta_simple\"><div class=\"w-image-h\"><img decoding=\"async\" width=\"440\" height=\"598\" src=\"https:\/\/www.af-kulturstiftung.de\/wordpress\/wp-content\/uploads\/Lammert_Credo.jpg\" class=\"attachment-large size-large\" alt=\"\" loading=\"lazy\" srcset=\"https:\/\/www.af-kulturstiftung.de\/wordpress\/wp-content\/uploads\/Lammert_Credo.jpg 440w, https:\/\/www.af-kulturstiftung.de\/wordpress\/wp-content\/uploads\/Lammert_Credo-221x300.jpg 221w, https:\/\/www.af-kulturstiftung.de\/wordpress\/wp-content\/uploads\/Lammert_Credo-110x150.jpg 110w\" sizes=\"auto, (max-width: 440px) 100vw, 440px\" \/><\/div><div class=\"w-image-meta\"><div class=\"w-image-title\">Erscheinungsjahr: 2013, Neuauflage in Planung<\/div><\/div><\/div><\/div><\/div><\/div><div class=\"vc_col-sm-6 wpb_column vc_column_container\"><div class=\"vc_column-inner\"><div class=\"wpb_wrapper\"><div class=\"w-separator size_medium\"><\/div><div class=\"w-slider style_none fit_scaledown nav_none count_19\"><div class=\"w-slider-h\" aria-hidden=\"true\"><div class=\"royalSlider\"><div class=\"rsContent\"><a class=\"rsImg\" data-rsw=\"1024\" data-rsh=\"1016\" data-rsBigImg=\"https:\/\/www.af-kulturstiftung.de\/wordpress\/wp-content\/uploads\/AF_Oel_11_0043_120x120_Credo_Nr.1_Ich-glaube.jpg\" href=\"https:\/\/www.af-kulturstiftung.de\/wordpress\/wp-content\/uploads\/AF_Oel_11_0043_120x120_Credo_Nr.1_Ich-glaube-1024x1016.jpg\"><span data-alt=\"\"><\/span><\/a><div class=\"rsABlock\" data-fadeEffect=\"false\" data-moveEffect=\"none\"><div class=\"w-slider-item-title\">Andreas Felger, Credo I, Ich glaube, 2011<\/div><div class=\"w-slider-item-description\">\u00d6l auf Leinwand, 120 x 120 cm \u00a9 AFKS<\/div><\/div><\/div><div class=\"rsContent\"><a class=\"rsImg\" data-rsw=\"1024\" data-rsh=\"1022\" data-rsBigImg=\"https:\/\/www.af-kulturstiftung.de\/wordpress\/wp-content\/uploads\/AF_Oel_11_0044_120x120_Credo_Nr.2_Scho\u0308pfer-des-Himmels-und-der-Erde.jpg\" href=\"https:\/\/www.af-kulturstiftung.de\/wordpress\/wp-content\/uploads\/AF_Oel_11_0044_120x120_Credo_Nr.2_Scho\u0308pfer-des-Himmels-und-der-Erde-1024x1022.jpg\"><span data-alt=\"\"><\/span><\/a><div class=\"rsABlock\" data-fadeEffect=\"false\" data-moveEffect=\"none\"><div class=\"w-slider-item-title\">Andreas Felger, Credo II, Sch\u00f6pfer des Himmles und der Erde, 2011<\/div><div class=\"w-slider-item-description\">\u00d6l auf Leinwand, 120 x 120 cm \u00a9 AFKS<\/div><\/div><\/div><div class=\"rsContent\"><a class=\"rsImg\" data-rsw=\"1018\" data-rsh=\"1023\" data-rsBigImg=\"https:\/\/www.af-kulturstiftung.de\/wordpress\/wp-content\/uploads\/AF_Oel_11_0045_120x120_Credo_Nr.3_Jesus.jpg\" href=\"https:\/\/www.af-kulturstiftung.de\/wordpress\/wp-content\/uploads\/AF_Oel_11_0045_120x120_Credo_Nr.3_Jesus.jpg\"><span data-alt=\"\"><\/span><\/a><div class=\"rsABlock\" data-fadeEffect=\"false\" data-moveEffect=\"none\"><div class=\"w-slider-item-title\">Andreas Felger, Credo III, Jesus, seinen eingeborenen Sohn, 2011<\/div><div class=\"w-slider-item-description\">\u00d6l auf Leinwand, 120 x 120 cm, , \u00a9 AFKS<\/div><\/div><\/div><div class=\"rsContent\"><a class=\"rsImg\" data-rsw=\"1024\" data-rsh=\"1015\" data-rsBigImg=\"https:\/\/www.af-kulturstiftung.de\/wordpress\/wp-content\/uploads\/AF_Oel_11_0046_120x120_Credo_Nr.4_empfangen.jpg\" href=\"https:\/\/www.af-kulturstiftung.de\/wordpress\/wp-content\/uploads\/AF_Oel_11_0046_120x120_Credo_Nr.4_empfangen-1024x1015.jpg\"><span data-alt=\"\"><\/span><\/a><div class=\"rsABlock\" data-fadeEffect=\"false\" data-moveEffect=\"none\"><div class=\"w-slider-item-title\">Andreas Felger, Credo IV, Empfangen, 2011<\/div><div class=\"w-slider-item-description\">\u00d6l auf Leinwand, 120 x 120 cm \u00a9 AFKS<\/div><\/div><\/div><div class=\"rsContent\"><a class=\"rsImg\" data-rsw=\"1024\" data-rsh=\"1020\" data-rsBigImg=\"https:\/\/www.af-kulturstiftung.de\/wordpress\/wp-content\/uploads\/AF_Oel_11_0047_120x120_Credo_Nr.5_geboren.jpg\" href=\"https:\/\/www.af-kulturstiftung.de\/wordpress\/wp-content\/uploads\/AF_Oel_11_0047_120x120_Credo_Nr.5_geboren-1024x1020.jpg\"><span data-alt=\"\"><\/span><\/a><div class=\"rsABlock\" data-fadeEffect=\"false\" data-moveEffect=\"none\"><div class=\"w-slider-item-title\">Andreas Felger, Credo V, Geboren, 2011<\/div><div class=\"w-slider-item-description\">\u00d6l auf Leinwand, 120 x 120 cm \u00a9 AFKS<\/div><\/div><\/div><div class=\"rsContent\"><a class=\"rsImg\" data-rsw=\"1020\" data-rsh=\"1024\" data-rsBigImg=\"https:\/\/www.af-kulturstiftung.de\/wordpress\/wp-content\/uploads\/AF_Oel_11_0048_120x120_Credo_Nr.6_gelitten.jpg\" href=\"https:\/\/www.af-kulturstiftung.de\/wordpress\/wp-content\/uploads\/AF_Oel_11_0048_120x120_Credo_Nr.6_gelitten-1020x1024.jpg\"><span data-alt=\"\"><\/span><\/a><div class=\"rsABlock\" data-fadeEffect=\"false\" data-moveEffect=\"none\"><div class=\"w-slider-item-title\">Andreas Felger, Credo VI, Gelitten, 2011<\/div><div class=\"w-slider-item-description\">\u00d6l auf Leinwand, 120 x 120 cm \u00a9 AFKS<\/div><\/div><\/div><div class=\"rsContent\"><a class=\"rsImg\" data-rsw=\"1024\" data-rsh=\"1022\" data-rsBigImg=\"https:\/\/www.af-kulturstiftung.de\/wordpress\/wp-content\/uploads\/AF_Oel_11_0049_120x120_Credo_Nr.7_gekreuzigt.jpg\" href=\"https:\/\/www.af-kulturstiftung.de\/wordpress\/wp-content\/uploads\/AF_Oel_11_0049_120x120_Credo_Nr.7_gekreuzigt-1024x1022.jpg\"><span data-alt=\"\"><\/span><\/a><div class=\"rsABlock\" data-fadeEffect=\"false\" data-moveEffect=\"none\"><div class=\"w-slider-item-title\">Andreas Felger, Credo VII, Gekreuzigt, 2011<\/div><div class=\"w-slider-item-description\">\u00d6l auf Leinwand, 120 x 120 cm \u00a9 AFKS<\/div><\/div><\/div><div class=\"rsContent\"><a class=\"rsImg\" data-rsw=\"1024\" data-rsh=\"1008\" data-rsBigImg=\"https:\/\/www.af-kulturstiftung.de\/wordpress\/wp-content\/uploads\/AF_Oel_11_0050_120x120_Credo_Nr.8_gestorben-und-begraben.jpg\" href=\"https:\/\/www.af-kulturstiftung.de\/wordpress\/wp-content\/uploads\/AF_Oel_11_0050_120x120_Credo_Nr.8_gestorben-und-begraben-1024x1008.jpg\"><span data-alt=\"\"><\/span><\/a><div class=\"rsABlock\" data-fadeEffect=\"false\" data-moveEffect=\"none\"><div class=\"w-slider-item-title\">Andreas Felger, Credo VIII, Gestorben und begraben, 2011<\/div><div class=\"w-slider-item-description\">\u00d6l auf Leinwand, 120 x 120 cm \u00a9 AFKS<\/div><\/div><\/div><div class=\"rsContent\"><a class=\"rsImg\" data-rsw=\"1024\" data-rsh=\"999\" data-rsBigImg=\"https:\/\/www.af-kulturstiftung.de\/wordpress\/wp-content\/uploads\/AF_Oel_11_0051_120x120_Credo_Nr.9_hinabgestiegen.jpg\" href=\"https:\/\/www.af-kulturstiftung.de\/wordpress\/wp-content\/uploads\/AF_Oel_11_0051_120x120_Credo_Nr.9_hinabgestiegen-1024x999.jpg\"><span data-alt=\"\"><\/span><\/a><div class=\"rsABlock\" data-fadeEffect=\"false\" data-moveEffect=\"none\"><div class=\"w-slider-item-title\">Andreas Felger, Credo IX, Hinabgestiegen, 2011<\/div><div class=\"w-slider-item-description\">\u00d6l auf Leinwand, 120 x 120 cm \u00a9 AFKS<\/div><\/div><\/div><div class=\"rsContent\"><a class=\"rsImg\" data-rsw=\"1024\" data-rsh=\"1009\" data-rsBigImg=\"https:\/\/www.af-kulturstiftung.de\/wordpress\/wp-content\/uploads\/AF_Oel_11_0052_120x120_Credo_Nr.10_auferstanden.jpg\" href=\"https:\/\/www.af-kulturstiftung.de\/wordpress\/wp-content\/uploads\/AF_Oel_11_0052_120x120_Credo_Nr.10_auferstanden-1024x1009.jpg\"><span data-alt=\"\"><\/span><\/a><div class=\"rsABlock\" data-fadeEffect=\"false\" data-moveEffect=\"none\"><div class=\"w-slider-item-title\">Andreas Felger, Credo X, Auferstanden, 2011<\/div><div class=\"w-slider-item-description\">\u00d6l auf Leinwand, 120 x 120 cm \u00a9 AFKS<\/div><\/div><\/div><div class=\"rsContent\"><a class=\"rsImg\" data-rsw=\"1024\" data-rsh=\"1018\" data-rsBigImg=\"https:\/\/www.af-kulturstiftung.de\/wordpress\/wp-content\/uploads\/AF_Oel_11_0053_120x120_Credo_Nr.11_aufgefahren.jpg\" href=\"https:\/\/www.af-kulturstiftung.de\/wordpress\/wp-content\/uploads\/AF_Oel_11_0053_120x120_Credo_Nr.11_aufgefahren-1024x1018.jpg\"><span data-alt=\"\"><\/span><\/a><div class=\"rsABlock\" data-fadeEffect=\"false\" data-moveEffect=\"none\"><div class=\"w-slider-item-title\">Andreas Felger, Credo XI, Aufgefahren, 2011<\/div><div class=\"w-slider-item-description\">\u00d6l auf Leinwand, 120 x 120 cm \u00a9 AFKS<\/div><\/div><\/div><div class=\"rsContent\"><a class=\"rsImg\" data-rsw=\"1024\" data-rsh=\"1001\" data-rsBigImg=\"https:\/\/www.af-kulturstiftung.de\/wordpress\/wp-content\/uploads\/AF_Oel_11_0054_120x120_Credo_Nr.12_er-sitzt-zur-rechten.jpg\" href=\"https:\/\/www.af-kulturstiftung.de\/wordpress\/wp-content\/uploads\/AF_Oel_11_0054_120x120_Credo_Nr.12_er-sitzt-zur-rechten-1024x1001.jpg\"><span data-alt=\"\"><\/span><\/a><div class=\"rsABlock\" data-fadeEffect=\"false\" data-moveEffect=\"none\"><div class=\"w-slider-item-title\">Andreas Felger, Credo XII, Er sitzt zur Rechten, 2011<\/div><div class=\"w-slider-item-description\">\u00d6l auf Leinwand, 120 x 120 cm \u00a9 AFKS<\/div><\/div><\/div><div class=\"rsContent\"><a class=\"rsImg\" data-rsw=\"1024\" data-rsh=\"1020\" data-rsBigImg=\"https:\/\/www.af-kulturstiftung.de\/wordpress\/wp-content\/uploads\/AF_Oel_11_0055_120x120_Credo_Nr.13_zu-richten-.jpg\" href=\"https:\/\/www.af-kulturstiftung.de\/wordpress\/wp-content\/uploads\/AF_Oel_11_0055_120x120_Credo_Nr.13_zu-richten--1024x1020.jpg\"><span data-alt=\"\"><\/span><\/a><div class=\"rsABlock\" data-fadeEffect=\"false\" data-moveEffect=\"none\"><div class=\"w-slider-item-title\">Andreas Felger, Credo XIII, Richten, 2011<\/div><div class=\"w-slider-item-description\">\u00d6l auf Leinwand, 120 x 120 cm \u00a9 AFKS<\/div><\/div><\/div><div class=\"rsContent\"><a class=\"rsImg\" data-rsw=\"1011\" data-rsh=\"1006\" data-rsBigImg=\"https:\/\/www.af-kulturstiftung.de\/wordpress\/wp-content\/uploads\/AF_Oel_11_0056_120x120_Credo_Nr.14_Ich-glaube-an-den-heiligen-Geist_02.jpg\" href=\"https:\/\/www.af-kulturstiftung.de\/wordpress\/wp-content\/uploads\/AF_Oel_11_0056_120x120_Credo_Nr.14_Ich-glaube-an-den-heiligen-Geist_02.jpg\"><span data-alt=\"\"><\/span><\/a><div class=\"rsABlock\" data-fadeEffect=\"false\" data-moveEffect=\"none\"><div class=\"w-slider-item-title\">Andreas Felger, Credo XIV, Ich glaube an den heiligen Geist, 2011<\/div><div class=\"w-slider-item-description\">\u00d6l auf Leinwand, 120 x 120 cm \u00a9 AFKS<\/div><\/div><\/div><div class=\"rsContent\"><a class=\"rsImg\" data-rsw=\"1024\" data-rsh=\"1016\" data-rsBigImg=\"https:\/\/www.af-kulturstiftung.de\/wordpress\/wp-content\/uploads\/AF_Oel_11_0057_120x120_Credo_Nr.15_die-gla\u0308ubige-Gemeinschaft.jpg\" href=\"https:\/\/www.af-kulturstiftung.de\/wordpress\/wp-content\/uploads\/AF_Oel_11_0057_120x120_Credo_Nr.15_die-gla\u0308ubige-Gemeinschaft-1024x1016.jpg\"><span data-alt=\"\"><\/span><\/a><div class=\"rsABlock\" data-fadeEffect=\"false\" data-moveEffect=\"none\"><div class=\"w-slider-item-title\">Andreas Felger, Credo XV, Kirche, 2011<\/div><div class=\"w-slider-item-description\">\u00d6l auf Leinwand, 120 x 120 cm \u00a9 AFKS<\/div><\/div><\/div><div class=\"rsContent\"><a class=\"rsImg\" data-rsw=\"1024\" data-rsh=\"1013\" data-rsBigImg=\"https:\/\/www.af-kulturstiftung.de\/wordpress\/wp-content\/uploads\/AF_Oel_11_0058_AF_Oel_11_0058_120x120_Credo_Nr.16_Gemeinschaft-der-HeiligenCredo.jpg\" href=\"https:\/\/www.af-kulturstiftung.de\/wordpress\/wp-content\/uploads\/AF_Oel_11_0058_AF_Oel_11_0058_120x120_Credo_Nr.16_Gemeinschaft-der-HeiligenCredo-1024x1013.jpg\"><span data-alt=\"\"><\/span><\/a><div class=\"rsABlock\" data-fadeEffect=\"false\" data-moveEffect=\"none\"><div class=\"w-slider-item-title\">Andreas Felger, Credo XVI, Gemeinschaft der Heiligen, 2011<\/div><div class=\"w-slider-item-description\">\u00d6l auf Leinwand, 120 x 120 cm \u00a9 AFKS<\/div><\/div><\/div><div class=\"rsContent\"><a class=\"rsImg\" data-rsw=\"1024\" data-rsh=\"1016\" data-rsBigImg=\"https:\/\/www.af-kulturstiftung.de\/wordpress\/wp-content\/uploads\/AF_Oel_11_0059_120x120_Credo_Nr.17_Vergebung.jpg\" href=\"https:\/\/www.af-kulturstiftung.de\/wordpress\/wp-content\/uploads\/AF_Oel_11_0059_120x120_Credo_Nr.17_Vergebung-1024x1016.jpg\"><span data-alt=\"\"><\/span><\/a><div class=\"rsABlock\" data-fadeEffect=\"false\" data-moveEffect=\"none\"><div class=\"w-slider-item-title\">Andreas Felger, Credo XVII, Vergebung, 2011<\/div><div class=\"w-slider-item-description\">\u00d6l auf Leinwand, 120 x 120 cm \u00a9 AFKS<\/div><\/div><\/div><div class=\"rsContent\"><a class=\"rsImg\" data-rsw=\"1024\" data-rsh=\"1020\" data-rsBigImg=\"https:\/\/www.af-kulturstiftung.de\/wordpress\/wp-content\/uploads\/AF_Oel_11_0060_120x120_Credo_Nr.18_Auferstehung.jpg\" href=\"https:\/\/www.af-kulturstiftung.de\/wordpress\/wp-content\/uploads\/AF_Oel_11_0060_120x120_Credo_Nr.18_Auferstehung.jpg\"><span data-alt=\"\"><\/span><\/a><div class=\"rsABlock\" data-fadeEffect=\"false\" data-moveEffect=\"none\"><div class=\"w-slider-item-title\">Andreas Felger, Credo XVIII, Auferstehung, 2011<\/div><div class=\"w-slider-item-description\">\u00d6l auf Leinwand, 120 x 120 cm \u00a9 AFKS<\/div><\/div><\/div><div class=\"rsContent\"><a class=\"rsImg\" data-rsw=\"1024\" data-rsh=\"1012\" data-rsBigImg=\"https:\/\/www.af-kulturstiftung.de\/wordpress\/wp-content\/uploads\/AF_Oel_11_0061_120x120_Credo_Nr.19_das-ewige-Leben.jpg\" href=\"https:\/\/www.af-kulturstiftung.de\/wordpress\/wp-content\/uploads\/AF_Oel_11_0061_120x120_Credo_Nr.19_das-ewige-Leben-1024x1012.jpg\"><span data-alt=\"\"><\/span><\/a><div class=\"rsABlock\" data-fadeEffect=\"false\" data-moveEffect=\"none\"><div class=\"w-slider-item-title\">Andreas Felger, Credo XIX, Ewiges Leben, 2011<\/div><div class=\"w-slider-item-description\">\u00d6l auf Leinwand, 120 x 120 cm \u00a9 AFKS<\/div><\/div><\/div><\/div><img decoding=\"async\" src=\"https:\/\/www.af-kulturstiftung.de\/wordpress\/wp-content\/uploads\/AF_Oel_11_0043_120x120_Credo_Nr.1_Ich-glaube-1024x1016.jpg\" width=\"1024\" height=\"1016\" alt loading=\"lazy\"><\/div><div class=\"w-slider-json\" onclick='return {&quot;autoScaleSlider&quot;:true,&quot;addActiveClass&quot;:true,&quot;loop&quot;:true,&quot;fadeInLoadedSlide&quot;:false,&quot;slidesSpacing&quot;:0,&quot;imageScalePadding&quot;:0,&quot;numImagesToPreload&quot;:2,&quot;arrowsNav&quot;:true,&quot;arrowsNavAutoHide&quot;:false,&quot;transitionType&quot;:&quot;move&quot;,&quot;transitionSpeed&quot;:250,&quot;block&quot;:{&quot;moveEffect&quot;:&quot;none&quot;,&quot;speed&quot;:300},&quot;thumbs&quot;:{&quot;fitInViewport&quot;:false,&quot;firstMargin&quot;:false,&quot;spacing&quot;:4},&quot;controlNavigation&quot;:&quot;none&quot;,&quot;autoplay&quot;:{&quot;enabled&quot;:true,&quot;pauseOnHover&quot;:false,&quot;delay&quot;:3000},&quot;fullscreen&quot;:{&quot;enabled&quot;:true},&quot;autoScaleSliderWidth&quot;:1024,&quot;autoScaleSliderHeight&quot;:1016}'><\/div><\/div><div class=\"w-separator size_large\"><\/div><div class=\"w-tabs style_default switch_click accordion has_scrolling\" style=\"--sections-title-size:inherit\"><div class=\"w-tabs-sections titles-align_none icon_chevron cpos_right\"><div class=\"w-tabs-section\" id=\"uabd\"><button class=\"w-tabs-section-header\" aria-controls=\"content-uabd\" aria-expanded=\"false\"><div class=\"w-tabs-section-title\">Veranstaltungsdetails<\/div><div class=\"w-tabs-section-control\"><\/div><\/button><div  class=\"w-tabs-section-content\" id=\"content-uabd\"><div class=\"w-tabs-section-content-h i-cf\"><div class=\"wpb_text_column\"><div class=\"wpb_wrapper\"><p>Im Jahr 2025 wurde das CREDO PROJEKT an folgenden Orten aufgef\u00fchrt:<br \/>\nHohen Dom zu Limburg<br \/>\nStiftskirche T\u00fcbingen<br \/>\nHohen Dom St. Marien zu Erfurt<br \/>\nEvangelischen Augustinerkloster zu Erfurt<br \/>\nStiftskirche Stuttgart<\/p>\n<p>Weitere Auff\u00fchrungen folgen, bitte beachten Sie unsere Rubrik <a href=\"https:\/\/www.af-kulturstiftung.de\/wordpress\/veranstaltungen\/\" target=\"_blank\" rel=\"noopener\">Veranstaltungen<\/a> und den quartalsweise erscheinenden <a href=\"https:\/\/www.af-kulturstiftung.de\/wordpress\/newsletter\/\" target=\"_blank\" rel=\"noopener\">Newsletter<\/a>.<\/p>\n<\/div><\/div><\/div><\/div><\/div><\/div><\/div><div class=\"w-image align_none meta_simple\"><div class=\"w-image-h\"><img decoding=\"async\" width=\"724\" height=\"1024\" src=\"https:\/\/www.af-kulturstiftung.de\/wordpress\/wp-content\/uploads\/Stricker-1-pdf-724x1024.jpg\" class=\"attachment-large size-large\" alt=\"\" loading=\"lazy\" \/><\/div><div class=\"w-image-meta\"><div class=\"w-image-title\">Achim Stricker, Rezension anl\u00e4sslich der\nCREDO Auff\u00fchrung am 25.05.2025 in der Stiftskirche T\u00fcbingen, Schw\u00e4bisches Tagblatt, 27.05.2025<\/div><\/div><\/div><\/div><\/div><\/div><\/div><\/div><\/section><section class=\"l-section wpb_row height_medium\"><div class=\"l-section-h i-cf\"><div class=\"g-cols vc_row via_flex valign_top type_default stacking_default\"><div class=\"vc_col-sm-12 wpb_column vc_column_container\"><div class=\"vc_column-inner\"><div class=\"wpb_wrapper\"><\/div><\/div><\/div><\/div><\/div><\/section>\n","protected":false},"excerpt":{"rendered":"<p>ANDREAS FELGER. CREDO<\/p>\n<p>06.09.2025<br \/>\n18.30 Uhr Vernissage im Evangelisches Augustinerkloster Erfurt<br \/>\n20 Uhr Konzert und Lesung im Hohen Dom St. Marien, Domstufen 1, 99084 Erfurt<\/p>\n<p>18.10.2025, 19 Uhr<br \/>\nKonzert und Lesung Stiftskirche Stuttgart<\/p>\n","protected":false},"author":6,"featured_media":0,"comment_status":"closed","ping_status":"closed","sticky":false,"template":"","format":"standard","meta":{"h5ap_radio_sources":[],"footnotes":""},"categories":[190,8,27],"tags":[],"class_list":["post-8471","post","type-post","status-publish","format-standard","hentry","category-aktuell","category-ausstellungen","category-veranstaltungen"],"_links":{"self":[{"href":"https:\/\/www.af-kulturstiftung.de\/wordpress\/wp-json\/wp\/v2\/posts\/8471","targetHints":{"allow":["GET"]}}],"collection":[{"href":"https:\/\/www.af-kulturstiftung.de\/wordpress\/wp-json\/wp\/v2\/posts"}],"about":[{"href":"https:\/\/www.af-kulturstiftung.de\/wordpress\/wp-json\/wp\/v2\/types\/post"}],"author":[{"embeddable":true,"href":"https:\/\/www.af-kulturstiftung.de\/wordpress\/wp-json\/wp\/v2\/users\/6"}],"replies":[{"embeddable":true,"href":"https:\/\/www.af-kulturstiftung.de\/wordpress\/wp-json\/wp\/v2\/comments?post=8471"}],"version-history":[{"count":0,"href":"https:\/\/www.af-kulturstiftung.de\/wordpress\/wp-json\/wp\/v2\/posts\/8471\/revisions"}],"wp:attachment":[{"href":"https:\/\/www.af-kulturstiftung.de\/wordpress\/wp-json\/wp\/v2\/media?parent=8471"}],"wp:term":[{"taxonomy":"category","embeddable":true,"href":"https:\/\/www.af-kulturstiftung.de\/wordpress\/wp-json\/wp\/v2\/categories?post=8471"},{"taxonomy":"post_tag","embeddable":true,"href":"https:\/\/www.af-kulturstiftung.de\/wordpress\/wp-json\/wp\/v2\/tags?post=8471"}],"curies":[{"name":"wp","href":"https:\/\/api.w.org\/{rel}","templated":true}]}}