{"id":6109,"date":"2020-12-26T19:59:58","date_gmt":"2020-12-26T18:59:58","guid":{"rendered":"https:\/\/www1.af-kulturstiftung.de\/?p=6109"},"modified":"2023-08-16T20:09:55","modified_gmt":"2023-08-16T18:09:55","slug":"werk-des-quartals-04-2020","status":"publish","type":"post","link":"https:\/\/www.af-kulturstiftung.de\/wordpress\/werk-des-quartals-04-2020\/","title":{"rendered":"Werk des Quartals 04.2020"},"content":{"rendered":"<section class=\"l-section wpb_row us_custom_2dbf7b3f height_auto\"><div class=\"l-section-h i-cf\"><div class=\"g-cols vc_row via_flex valign_top type_default stacking_default\"><div class=\"vc_col-sm-6 wpb_column vc_column_container\"><div class=\"vc_column-inner\"><div class=\"wpb_wrapper\"><div class=\"w-separator size_medium\"><\/div><div class=\"w-image align_none meta_simple\"><a ref=\"magnificPopup\" href=\"https:\/\/www.af-kulturstiftung.de\/wordpress\/wp-content\/uploads\/AF_AQ_20_0009.jpg\" aria-label=\"Andreas Felger, Corona IX, 2020\" class=\"w-image-h\"><img decoding=\"async\" width=\"645\" height=\"963\" src=\"https:\/\/www.af-kulturstiftung.de\/wordpress\/wp-content\/uploads\/AF_AQ_20_0009.jpg\" class=\"attachment-large size-large\" alt=\"\" loading=\"lazy\" srcset=\"https:\/\/www.af-kulturstiftung.de\/wordpress\/wp-content\/uploads\/AF_AQ_20_0009.jpg 645w, https:\/\/www.af-kulturstiftung.de\/wordpress\/wp-content\/uploads\/AF_AQ_20_0009-201x300.jpg 201w, https:\/\/www.af-kulturstiftung.de\/wordpress\/wp-content\/uploads\/AF_AQ_20_0009-100x150.jpg 100w\" sizes=\"auto, (max-width: 645px) 100vw, 645px\" \/><\/a><div class=\"w-image-meta\"><div class=\"w-image-title\">Andreas Felger, Corona IX, 2020<\/div><div class=\"w-image-description\">Aquarell auf Papier, 21 x 13 cm \u00a9 AFKS<\/div><\/div><\/div><\/div><\/div><\/div><div class=\"vc_col-sm-6 wpb_column vc_column_container\"><div class=\"vc_column-inner us_custom_9713f329\"><div class=\"wpb_wrapper\"><div class=\"w-separator size_medium\"><\/div><div class=\"wpb_text_column\"><div class=\"wpb_wrapper\"><h5>CORONA IX<br \/>\n2020<br \/>\nAQUARELL AUF PAPIER<br \/>\n21 x 13 cm<\/h5>\n<p>&nbsp;<\/p>\n<p>Der K\u00fcnstler Andreas Felger malt im M\u00e4rz 2020 neun Aquarelle, in denen er sich mit der Ausbreitung des Corona-Virus auseinandersetzt und wie dieser sich auf sein eigenes sowie auf das gesellschaftliche Leben auswirkt. Neun Bildmotive, denen sp\u00e4tere weitere folgen werden, unter dem Titel CORONA, die soziale, individuelle sowie naturbezogen Lebenssituationen zeigen, allesamt durchdrungen von dem \u201eeinen\u201c alle und alles umfassenden und beherrschenden Virus, COVID-19. Der K\u00fcnstler zeigt das Virus in einer Art \u00fcberbordendem Stern, dessen \u00fcberdimensionierte Form nicht nur seine reale, sondern auch seine mediale Gr\u00f6\u00dfe zeigt, die es mittlerweile erlangt hat.<\/p>\n<p>Von den neun Bildmotiven zeigen acht typisch menschliche Reaktionsmuster auf die Existenz des t\u00f6dlichen Virus. Von anf\u00e4nglich \u00fcberheblichen und geselligen Zweifeln (Stichwort: Corona-Partys) gegen\u00fcber den Expertenratschl\u00e4gen, \u00fcber die \u00c4ngste und Panikzust\u00e4nde bei unerwarteter Viruserkrankung bis hin zur Trauer \u00fcber den Verlust von Mitmenschen zeigt der K\u00fcnstler das weite Spektrum menschlichen Verhaltens angesichts der wachsenden Bedrohung durch das Virus und wie es das gesellschaftliche und individuelle Leben zunehmend einschr\u00e4nkend beherrscht.<\/p>\n<p>Es sind verst\u00f6rende Motive, weil sich einerseits in den durchweg farbintensiven und farbexpressiven Sujets das f\u00fcr viele von uns gewohnte pralle, reiche und sozial(digital)vernetzte Leben westlicher Couleur spiegelt und anderseits der schleichende Zersetzungsprozess des t\u00f6dlichen Virus allm\u00e4hlich sichtbar und sp\u00fcrbar wird. Schwebt anfangs die Bedrohung noch \u00fcber dem sozialen Verbund von Familien, St\u00e4dten, D\u00f6rfern, Vereinen, religi\u00f6sen Gemeinschaften, Firmen, Stammtischen, Parteien, Bordellen und allen anderen Formen des gesellschaftlichen Miteinanders, schleicht es sich allm\u00e4hlich ein und zersetzt die gewohnten und damit verl\u00e4sslichen Muster unserer Beziehungsstrukturen. Paare entfernen sich voneinander, nicht weil sie im Streit liegen, sondern weil die Viruserkrankung den Kontakt unm\u00f6glich macht. St\u00e4dtisches Leben zerf\u00e4llt, weil s\u00e4mtliche Orte des sozialen Miteinanders geschlossen werden, berufliches Leben, wo \u00fcberhaupt m\u00f6glich, vorwiegend nur noch im firmenfernen Home Offices stattfindet, um m\u00f6gliche Infektionsketten zu bannen. Menschen vereinzeln im privaten wie beruflichen Leben, sind bei Verdacht in staatlich verordneter oder selbst gew\u00e4hlter Quarant\u00e4ne allein mit ihren \u00c4ngsten und Paniken und sterben im schlimmsten Fall isoliert auf einer Krankenstation, ohne Beistand und Trost. Im Tod ist das Beisammensein wieder m\u00f6glich.<\/p>\n<p>In einem eklatanten Gegensatz zu diesen acht d\u00fcsteren Bildsujets, steht das neunte Bildmotiv. Es hebt sich von allen anderen dadurch ab, dass es keine soziale Situation, sondern eine Landschaft darstellt. \u00dcber blauen Bergen, gr\u00fcnen W\u00e4ldern, r\u00f6tlich-braunen Felder in einem lila Himmel schweben \u00fcberdimensioniert gro\u00df f\u00fcnf Coronaviren wie Sterne, allesamt mit Engelsfl\u00fcgeln, als k\u00e4men sie, um der Natur Segen zu bringen und ihr zu sagen: \u201eF\u00fcrchte Dich nicht\u201c.<\/p>\n<p>Was angesichts des Virus f\u00fcr die menschliche Existenz eine Bedrohung darstellt, scheint f\u00fcr die Natur ein Segen zu sein. Berge erwachen, Fauna und Flora bl\u00fchen auf, der Himmel wird klarer, Fl\u00fcsse, B\u00e4che und das Grundwasser erholen sich von den Belastungen des Abwassers und M\u00fclls, kurzum: Die Erde atmet auf, w\u00e4hrend der Mensch \u00e4chzt unter dem Joch des Virus. Die Natur holt sich in Gestalt des Virus zur\u00fcck, was der Mensch ihr vielerorts verwehrt.<\/p>\n<p>Oder man k\u00f6nnte meinen, sofern man an einen Sch\u00f6pfergott glaubt, dass dieser gerade eine Korrektur seines urspr\u00fcnglichen Plans vornimmt und den Menschen, den er einst als Krone der Sch\u00f6pfung gedacht hatte, absetzt oder ihn zumindest f\u00fcr eine Zeit pausieren l\u00e4sst, um \u00fcber seine ihm zugedachte Verantwortung erneut nachzusinnen. Angesichts nie zuvor dagewesener Naturzerst\u00f6rung, \u00dcberbev\u00f6lkerung und industriell gesteuerter Lebensmittelproduktion w\u00e4re es dringend an der Zeit dazu. Der &#8218;Fortschritt&#8216; stagniert, der Mensch pausiert und vielleicht nutzt er die Chance, \u00fcber seine Verantwortlichkeit f\u00fcr die Erde nachzusinnen. So gesehen w\u00e4re der Virus-\u00dcberfall ein Segen und eine Chance f\u00fcr die Natur und f\u00fcr den Menschen, der selbst auch Natur ist.<\/p>\n<p>von Kurt Freitag<\/p>\n<\/div><\/div><div class=\"w-separator size_medium\"><\/div><div class=\"w-tabs style_default switch_click accordion has_scrolling\" style=\"--sections-title-size:inherit\"><div class=\"w-tabs-sections titles-align_none icon_chevron cpos_right\"><div class=\"w-tabs-section\" id=\"g712\"><button class=\"w-tabs-section-header\" aria-controls=\"content-g712\" aria-expanded=\"false\"><div class=\"w-tabs-section-title\">\u00dcber den Autor<\/div><div class=\"w-tabs-section-control\"><\/div><\/button><div  class=\"w-tabs-section-content\" id=\"content-g712\"><div class=\"w-tabs-section-content-h i-cf\"><div class=\"wpb_text_column\"><div class=\"wpb_wrapper\"><p>Kurt Freitag ist ein essayistisch veranlagter Gelegenheitsschreiber gem\u00e4\u00df Clarice Lispectors Credo: &#8222;Ich schreibe nur, wenn ich Lust dazu habe. Ich bin ein Amateur und bestehe darauf, das auch zu bleiben. Ein Profi hat eine pers\u00f6nliche Verpflichtung zum Schreiben. Oder eine Verpflichtung gegen\u00fcber jemand anderem, um zu schreiben. Was mich betrifft &#8230; ich bestehe darauf, kein Profi zu sein. Um meine Freiheit zu behalten.&#8220; In diesem Sinne entstehen seine Texte zur Kunst, zum Leben und zu diesem Werk Corona IX.<\/p>\n<\/div><\/div><\/div><\/div><\/div><\/div><\/div><\/div><\/div><\/div><\/div><\/div><\/section><section class=\"l-section wpb_row height_medium\"><div class=\"l-section-h i-cf\"><div class=\"g-cols vc_row via_flex valign_top type_default stacking_default\"><div class=\"vc_col-sm-12 wpb_column vc_column_container\"><div class=\"vc_column-inner\"><div class=\"wpb_wrapper\"><div class=\"wpb_text_column\"><div class=\"wpb_wrapper\"><\/div><\/div><\/div><\/div><\/div><\/div><\/div><\/section>\n","protected":false},"excerpt":{"rendered":"Andreas Felger, Corona IX, 2020Aquarell auf Papier, 21 x 13 cm \u00a9 AFKSCORONA IX 2020 AQUARELL AUF PAPIER 21 x 13 cm &nbsp; Der K\u00fcnstler Andreas Felger malt im M\u00e4rz 2020 neun Aquarelle, in denen er sich mit der Ausbreitung des Corona-Virus auseinandersetzt und wie dieser sich auf sein eigenes sowie auf das gesellschaftliche Leben...","protected":false},"author":4,"featured_media":5051,"comment_status":"closed","ping_status":"closed","sticky":false,"template":"","format":"standard","meta":{"h5ap_radio_sources":[],"footnotes":""},"categories":[7],"tags":[],"class_list":["post-6109","post","type-post","status-publish","format-standard","has-post-thumbnail","hentry","category-werk-des-quartals"],"_links":{"self":[{"href":"https:\/\/www.af-kulturstiftung.de\/wordpress\/wp-json\/wp\/v2\/posts\/6109","targetHints":{"allow":["GET"]}}],"collection":[{"href":"https:\/\/www.af-kulturstiftung.de\/wordpress\/wp-json\/wp\/v2\/posts"}],"about":[{"href":"https:\/\/www.af-kulturstiftung.de\/wordpress\/wp-json\/wp\/v2\/types\/post"}],"author":[{"embeddable":true,"href":"https:\/\/www.af-kulturstiftung.de\/wordpress\/wp-json\/wp\/v2\/users\/4"}],"replies":[{"embeddable":true,"href":"https:\/\/www.af-kulturstiftung.de\/wordpress\/wp-json\/wp\/v2\/comments?post=6109"}],"version-history":[{"count":0,"href":"https:\/\/www.af-kulturstiftung.de\/wordpress\/wp-json\/wp\/v2\/posts\/6109\/revisions"}],"wp:featuredmedia":[{"embeddable":true,"href":"https:\/\/www.af-kulturstiftung.de\/wordpress\/wp-json\/wp\/v2\/media\/5051"}],"wp:attachment":[{"href":"https:\/\/www.af-kulturstiftung.de\/wordpress\/wp-json\/wp\/v2\/media?parent=6109"}],"wp:term":[{"taxonomy":"category","embeddable":true,"href":"https:\/\/www.af-kulturstiftung.de\/wordpress\/wp-json\/wp\/v2\/categories?post=6109"},{"taxonomy":"post_tag","embeddable":true,"href":"https:\/\/www.af-kulturstiftung.de\/wordpress\/wp-json\/wp\/v2\/tags?post=6109"}],"curies":[{"name":"wp","href":"https:\/\/api.w.org\/{rel}","templated":true}]}}