{"id":5865,"date":"2020-09-09T22:58:37","date_gmt":"2020-09-09T20:58:37","guid":{"rendered":"https:\/\/www1.af-kulturstiftung.de\/?p=5865"},"modified":"2021-12-22T10:36:34","modified_gmt":"2021-12-22T09:36:34","slug":"werk-des-quartals-01-2019","status":"publish","type":"post","link":"https:\/\/www.af-kulturstiftung.de\/wordpress\/werk-des-quartals-01-2019\/","title":{"rendered":"Werk des Quartals 01.2019"},"content":{"rendered":"<section class=\"l-section wpb_row us_custom_2dbf7b3f height_auto\"><div class=\"l-section-h i-cf\"><div class=\"g-cols vc_row via_flex valign_top type_default stacking_default\"><div class=\"vc_col-sm-6 wpb_column vc_column_container\"><div class=\"vc_column-inner\"><div class=\"wpb_wrapper\"><div class=\"w-separator size_medium\"><\/div><div class=\"w-image align_none meta_simple\"><a ref=\"magnificPopup\" href=\"https:\/\/www.af-kulturstiftung.de\/wordpress\/wp-content\/uploads\/AF_HS_74_0023-2-scaled.jpg\" aria-label=\"Andreas Felger, ohne Titel (Sommer), 1974\" class=\"w-image-h\"><img decoding=\"async\" width=\"756\" height=\"1024\" src=\"https:\/\/www.af-kulturstiftung.de\/wordpress\/wp-content\/uploads\/AF_HS_74_0023-2-756x1024.jpg\" class=\"attachment-large size-large\" alt=\"\" loading=\"lazy\" srcset=\"https:\/\/www.af-kulturstiftung.de\/wordpress\/wp-content\/uploads\/AF_HS_74_0023-2-756x1024.jpg 756w, https:\/\/www.af-kulturstiftung.de\/wordpress\/wp-content\/uploads\/AF_HS_74_0023-2-222x300.jpg 222w, https:\/\/www.af-kulturstiftung.de\/wordpress\/wp-content\/uploads\/AF_HS_74_0023-2-111x150.jpg 111w, https:\/\/www.af-kulturstiftung.de\/wordpress\/wp-content\/uploads\/AF_HS_74_0023-2-768x1040.jpg 768w, https:\/\/www.af-kulturstiftung.de\/wordpress\/wp-content\/uploads\/AF_HS_74_0023-2-scaled.jpg 1890w\" sizes=\"auto, (max-width: 756px) 100vw, 756px\" \/><\/a><div class=\"w-image-meta\"><div class=\"w-image-title\">Andreas Felger, ohne Titel (Sommer), 1974<\/div><div class=\"w-image-description\">Holzdruck auf Papier, 98 x 65 cm \u00a9 AFKS<\/div><\/div><\/div><\/div><\/div><\/div><div class=\"vc_col-sm-6 wpb_column vc_column_container\"><div class=\"vc_column-inner us_custom_9713f329\"><div class=\"wpb_wrapper\"><div class=\"w-separator size_medium\"><\/div><div class=\"wpb_text_column\"><div class=\"wpb_wrapper\"><h5>SOMMER<br \/>\n1974<br \/>\nHOLZDRUCK AUF PAPIER<br \/>\n89 x 65 cm<\/h5>\n<p>Dieser Holzschnitt von 1974, eine der fr\u00fchesten freien k\u00fcnstlerischen Arbeiten von Andreas Felger, fasziniert mich in seiner Schlichtheit: Er ist in drei Linienreihen komponiert und nur einer Farbe gedruckt \u2013 ein sommerliches Goldgelb. Die dynamisch gestapelte Anordnung der wogenden reifen \u00c4hren deutet die r\u00e4umliche Weite des Kornfelds an und verbildlicht die F\u00fclle der bevorstehenden Ernte. Der grafische Stil verweist darauf, dass der K\u00fcnstler in jener Zeit als Textildesigner t\u00e4tig war.<\/p>\n<p>Das Blatt erinnert mich an das Gedicht \u201eMondnacht\u201c von Joseph Freiherr von Eichendorff:<\/p>\n<p>Es war, als h\u00e4tt&#8216; der Himmel<br \/>\nDie Erde still gek\u00fc\u00dft,<br \/>\nDa\u00df sie im Bl\u00fctenschimmer<br \/>\nVon ihm nun tr\u00e4umen m\u00fc\u00dft&#8216;.<\/p>\n<p>Die Luft ging durch die Felder,<br \/>\nDie \u00c4hren wogten sacht,<br \/>\nEs rauschten leis die W\u00e4lder,<br \/>\nSo sternklar war die Nacht.<\/p>\n<p>Und meine Seele spannte<br \/>\nWeit ihre Fl\u00fcgel aus,<br \/>\nFlog durch die stillen Lande,<br \/>\nAls fl\u00f6ge sie nach Haus.<\/p>\n<p>Wie der Holzschnitt bezieht sich das Gedicht auf die Elemente: den Wind, das wogende Meer, die fruchtbare Erde sowie die zur Sonne strebenden \u00c4hren. Ein weiteres vergleichbares Element kommt durch die Anspielung in beiden Werken auf das ewige Leben hinzu: Eichendorff verweist im letzten Vers mit dem Flug auf die R\u00fcckkehr der Seele nach Hause, in den Himmel. \u00c4hren verweisen in der christlichen Symbolik auf den Vergleich des sterbenden Weizenkorns mit dem Tod Jesu: \u201eWenn das Weizenkorn nicht in die Erde f\u00e4llt und erstirbt, bleibt es allein; wenn es aber erstirbt, bringt es viel Frucht. Wer sein Leben lieb hat, der wird&#8217;s verlieren; und wer sein Leben auf dieser Welt hasst, der wird&#8217;s erhalten zum ewigen Leben.\u201c (Joh 12, 24-26)<\/p>\n<p>Text von Esther Stenkamp<\/p>\n<\/div><\/div><div class=\"w-separator size_medium\"><\/div><div class=\"w-tabs style_default switch_click accordion has_scrolling\" style=\"--sections-title-size:inherit\"><div class=\"w-tabs-sections titles-align_none icon_chevron cpos_right\"><div class=\"w-tabs-section\" id=\"r196\"><button class=\"w-tabs-section-header\" aria-controls=\"content-r196\" aria-expanded=\"false\"><div class=\"w-tabs-section-title\">\u00dcber die Autorin<\/div><div class=\"w-tabs-section-control\"><\/div><\/button><div  class=\"w-tabs-section-content\" id=\"content-r196\"><div class=\"w-tabs-section-content-h i-cf\"><div class=\"wpb_text_column\"><div class=\"wpb_wrapper\"><p>Die Kunsthistorikerin und Kulturmanagerin Esther Stenkamp war von 2015 bis 2018 f\u00fcr die Andreas Felger Kulturstiftung t\u00e4tig. Sie half beim Aufbau des Freundeskreises <em>Kunstfreunde Andreas Felger e. V. <\/em>und betreute den Verein seit seiner Gr\u00fcndung. Zahlreiche vom Verein gef\u00f6rderte Kunstprojekte wurden von ihr organisiert und inhaltlich erarbeitet. Mitte 2017 bis 2018 \u00fcbernahm Frau Stenkamp zus\u00e4tzlich die Leitung des Stiftungsb\u00fcros. Aufgrund ihrer Arbeit f\u00fcr den Freundeskreis sowie im Archiv der Stiftung ist sie mit dem Werk Andreas Felgers bestens vertraut.<\/p>\n<\/div><\/div><\/div><\/div><\/div><\/div><\/div><\/div><\/div><\/div><\/div><\/div><\/section><section class=\"l-section wpb_row height_medium\"><div class=\"l-section-h i-cf\"><div class=\"g-cols vc_row via_flex valign_top type_default stacking_default\"><div class=\"vc_col-sm-12 wpb_column vc_column_container\"><div class=\"vc_column-inner\"><div class=\"wpb_wrapper\"><div class=\"wpb_text_column\"><div class=\"wpb_wrapper\"><\/div><\/div><\/div><\/div><\/div><\/div><\/div><\/section>\n","protected":false},"excerpt":{"rendered":"Andreas Felger, ohne Titel (Sommer), 1974Holzdruck auf Papier, 98 x 65 cm \u00a9 AFKS SOMMER 1974 HOLZDRUCK AUF PAPIER 89 x 65 cm Dieser Holzschnitt von 1974, eine der fr\u00fchesten freien k\u00fcnstlerischen Arbeiten von Andreas Felger, fasziniert mich in seiner Schlichtheit: Er ist in drei Linienreihen komponiert und nur einer Farbe gedruckt \u2013 ein sommerliches...","protected":false},"author":4,"featured_media":9371,"comment_status":"closed","ping_status":"closed","sticky":false,"template":"","format":"standard","meta":{"h5ap_radio_sources":[],"footnotes":""},"categories":[7],"tags":[],"class_list":["post-5865","post","type-post","status-publish","format-standard","has-post-thumbnail","hentry","category-werk-des-quartals"],"_links":{"self":[{"href":"https:\/\/www.af-kulturstiftung.de\/wordpress\/wp-json\/wp\/v2\/posts\/5865","targetHints":{"allow":["GET"]}}],"collection":[{"href":"https:\/\/www.af-kulturstiftung.de\/wordpress\/wp-json\/wp\/v2\/posts"}],"about":[{"href":"https:\/\/www.af-kulturstiftung.de\/wordpress\/wp-json\/wp\/v2\/types\/post"}],"author":[{"embeddable":true,"href":"https:\/\/www.af-kulturstiftung.de\/wordpress\/wp-json\/wp\/v2\/users\/4"}],"replies":[{"embeddable":true,"href":"https:\/\/www.af-kulturstiftung.de\/wordpress\/wp-json\/wp\/v2\/comments?post=5865"}],"version-history":[{"count":0,"href":"https:\/\/www.af-kulturstiftung.de\/wordpress\/wp-json\/wp\/v2\/posts\/5865\/revisions"}],"wp:featuredmedia":[{"embeddable":true,"href":"https:\/\/www.af-kulturstiftung.de\/wordpress\/wp-json\/wp\/v2\/media\/9371"}],"wp:attachment":[{"href":"https:\/\/www.af-kulturstiftung.de\/wordpress\/wp-json\/wp\/v2\/media?parent=5865"}],"wp:term":[{"taxonomy":"category","embeddable":true,"href":"https:\/\/www.af-kulturstiftung.de\/wordpress\/wp-json\/wp\/v2\/categories?post=5865"},{"taxonomy":"post_tag","embeddable":true,"href":"https:\/\/www.af-kulturstiftung.de\/wordpress\/wp-json\/wp\/v2\/tags?post=5865"}],"curies":[{"name":"wp","href":"https:\/\/api.w.org\/{rel}","templated":true}]}}