{"id":5853,"date":"2020-09-09T22:23:12","date_gmt":"2020-09-09T20:23:12","guid":{"rendered":"https:\/\/www1.af-kulturstiftung.de\/?p=5853"},"modified":"2021-12-29T19:14:45","modified_gmt":"2021-12-29T18:14:45","slug":"werk-des-quartals-02-2019","status":"publish","type":"post","link":"https:\/\/www.af-kulturstiftung.de\/wordpress\/werk-des-quartals-02-2019\/","title":{"rendered":"Werk des Quartals 02.2019"},"content":{"rendered":"<section class=\"l-section wpb_row us_custom_2dbf7b3f height_auto\"><div class=\"l-section-h i-cf\"><div class=\"g-cols vc_row via_flex valign_top type_default stacking_default\"><div class=\"vc_col-sm-6 wpb_column vc_column_container\"><div class=\"vc_column-inner\"><div class=\"wpb_wrapper\"><div class=\"w-separator size_medium\"><\/div><div class=\"w-image align_none meta_simple\"><a ref=\"magnificPopup\" href=\"https:\/\/www.af-kulturstiftung.de\/wordpress\/wp-content\/uploads\/AF_Oel_11_0015-1.jpg\" aria-label=\"Andreas Felger, Fukushima, 2011\" class=\"w-image-h\"><img decoding=\"async\" width=\"1024\" height=\"1014\" src=\"https:\/\/www.af-kulturstiftung.de\/wordpress\/wp-content\/uploads\/AF_Oel_11_0015-1-1024x1014.jpg\" class=\"attachment-large size-large\" alt=\"\" loading=\"lazy\" srcset=\"https:\/\/www.af-kulturstiftung.de\/wordpress\/wp-content\/uploads\/AF_Oel_11_0015-1-1024x1014.jpg 1024w, https:\/\/www.af-kulturstiftung.de\/wordpress\/wp-content\/uploads\/AF_Oel_11_0015-1-300x297.jpg 300w, https:\/\/www.af-kulturstiftung.de\/wordpress\/wp-content\/uploads\/AF_Oel_11_0015-1-150x150.jpg 150w, https:\/\/www.af-kulturstiftung.de\/wordpress\/wp-content\/uploads\/AF_Oel_11_0015-1-768x761.jpg 768w, https:\/\/www.af-kulturstiftung.de\/wordpress\/wp-content\/uploads\/AF_Oel_11_0015-1.jpg 1042w\" sizes=\"auto, (max-width: 1024px) 100vw, 1024px\" \/><\/a><div class=\"w-image-meta\"><div class=\"w-image-title\">Andreas Felger, Fukushima, 2011<\/div><div class=\"w-image-description\">\u00d6l auf Leinwand, 200 x 200 cm \u00a9 AFKS<\/div><\/div><\/div><\/div><\/div><\/div><div class=\"vc_col-sm-6 wpb_column vc_column_container\"><div class=\"vc_column-inner us_custom_9713f329\"><div class=\"wpb_wrapper\"><div class=\"w-separator size_medium\"><\/div><div class=\"wpb_text_column\"><div class=\"wpb_wrapper\"><h5>FUKUSHIMA<br \/>\n2011<br \/>\nOEL AUF LEINWAND<br \/>\n200 x 200 cm<\/h5>\n<p>&nbsp;<\/p>\n<p>Der Titel des Gem\u00e4ldes verr\u00e4t seinen politischen Bezug: Es entstand im Jahr 2011 als Reaktion auf die Nuklearkatastrophe in Fukushima, die Tausende von Menschen das Leben kostete sowie massenhaft Obdachlosigkeit, Gesundheits- und Umweltsch\u00e4den verursachte. Zwischen einer blutroten Wolke vor dunklem Himmel und explosionshellem Licht dominiert ein leuchtend roter Kreis die obere Bildmitte: atomares Zentrum, verdunkelte Sonne und mutiliertes Landesmotiv zugleich. Der schmale wei\u00dfe Rand des Kreises schwebt wie das \u00dcberbleibsel einer zerfetzten und beschmutzten japanischen Flagge \u00fcber dem Chaos des Desasters. Schraffuren in Rot- und Blaut\u00f6nen streben in alle Richtungen auseinander, zerrei\u00dfen und \u00fcberlagern sich, verschmelzen mit frei w\u00fctenden Pinselgesten. Ein Netz aus roten Tupfern wirkt \u00fcber den Totenk\u00f6pfen am Bildrand wie ein Gr\u00e4berfeld. Die menschliche Existenz wird hier zur textilen Metapher \u2013 alles ist vernetzt und verwoben, auch Leben und Tod.<\/p>\n<p>Gleicherma\u00dfen kritisch wie empathisch erfasst Felger in <em>Fukushima<\/em> den faktischen wie auch emotionalen Kern der lebensvernichtenden Katastrophe in seiner Bildsprache, ohne ihn direkt abzubilden. Das gro\u00dfe Format verst\u00e4rkt die eindrucksvolle Wirkung der Leinwand, in der sich formale Aspekte aus unterschiedlichen Werkphasen des K\u00fcnstlers zu einer brisanten Einheit verdichten: Gestisches und Figuratives, geometrische und schraffierte Strukturen treffen explosiv aufeinander.<\/p>\n<p>Text von Christina Thomson<\/p>\n<\/div><\/div><div class=\"w-separator size_medium\"><\/div><div class=\"w-tabs style_default switch_click accordion has_scrolling\" style=\"--sections-title-size:inherit\"><div class=\"w-tabs-sections titles-align_none icon_chevron cpos_right\"><div class=\"w-tabs-section\" id=\"ve58\"><button class=\"w-tabs-section-header\" aria-controls=\"content-ve58\" aria-expanded=\"false\"><div class=\"w-tabs-section-title\">\u00dcber die Autorin<\/div><div class=\"w-tabs-section-control\"><\/div><\/button><div  class=\"w-tabs-section-content\" id=\"content-ve58\"><div class=\"w-tabs-section-content-h i-cf\"><div class=\"wpb_text_column\"><div class=\"wpb_wrapper\"><p>Christina Thomson ist promovierte Kunsthistorikerin und Mitarbeiterin der Staatlichen Museen zu Berlin. Neben freier Arbeit f\u00fcr die Nationalgalerie war sie von 2012 bis 2017 f\u00fcr die Andreas Felger Kulturstiftung t\u00e4tig, zuletzt in der Position des gesch\u00e4ftsf\u00fchrenden Vorstands. Als wissenschaftliche Leiterin der Stiftung, Redakteurin zahlreicher Felger-Publikationen und Kuratorin der Ausstellungen <a href=\"https:\/\/www.af-kulturstiftung.de\/wordpress\/index.php\/werk-stoff\/\">WERK.STOFF<\/a> und TEXTUREN, z\u00e4hlt sie zu den langj\u00e4hrigen Kenner_innen des Werks von Andreas Felger.<\/p>\n<\/div><\/div><\/div><\/div><\/div><\/div><\/div><\/div><\/div><\/div><\/div><\/div><\/section><section class=\"l-section wpb_row height_medium\"><div class=\"l-section-h i-cf\"><div class=\"g-cols vc_row via_flex valign_top type_default stacking_default\"><div class=\"vc_col-sm-12 wpb_column vc_column_container\"><div class=\"vc_column-inner\"><div class=\"wpb_wrapper\"><div class=\"wpb_text_column\"><div class=\"wpb_wrapper\"><\/div><\/div><\/div><\/div><\/div><\/div><\/div><\/section>\n","protected":false},"excerpt":{"rendered":"Andreas Felger, Fukushima, 2011\u00d6l auf Leinwand, 200 x 200 cm \u00a9 AFKS FUKUSHIMA 2011 OEL AUF LEINWAND 200 x 200 cm &nbsp; Der Titel des Gem\u00e4ldes verr\u00e4t seinen politischen Bezug: Es entstand im Jahr 2011 als Reaktion auf die Nuklearkatastrophe in Fukushima, die Tausende von Menschen das Leben kostete sowie massenhaft Obdachlosigkeit, Gesundheits- und Umweltsch\u00e4den...","protected":false},"author":4,"featured_media":5881,"comment_status":"closed","ping_status":"closed","sticky":false,"template":"","format":"standard","meta":{"h5ap_radio_sources":[],"footnotes":""},"categories":[7],"tags":[],"class_list":["post-5853","post","type-post","status-publish","format-standard","has-post-thumbnail","hentry","category-werk-des-quartals"],"_links":{"self":[{"href":"https:\/\/www.af-kulturstiftung.de\/wordpress\/wp-json\/wp\/v2\/posts\/5853","targetHints":{"allow":["GET"]}}],"collection":[{"href":"https:\/\/www.af-kulturstiftung.de\/wordpress\/wp-json\/wp\/v2\/posts"}],"about":[{"href":"https:\/\/www.af-kulturstiftung.de\/wordpress\/wp-json\/wp\/v2\/types\/post"}],"author":[{"embeddable":true,"href":"https:\/\/www.af-kulturstiftung.de\/wordpress\/wp-json\/wp\/v2\/users\/4"}],"replies":[{"embeddable":true,"href":"https:\/\/www.af-kulturstiftung.de\/wordpress\/wp-json\/wp\/v2\/comments?post=5853"}],"version-history":[{"count":0,"href":"https:\/\/www.af-kulturstiftung.de\/wordpress\/wp-json\/wp\/v2\/posts\/5853\/revisions"}],"wp:featuredmedia":[{"embeddable":true,"href":"https:\/\/www.af-kulturstiftung.de\/wordpress\/wp-json\/wp\/v2\/media\/5881"}],"wp:attachment":[{"href":"https:\/\/www.af-kulturstiftung.de\/wordpress\/wp-json\/wp\/v2\/media?parent=5853"}],"wp:term":[{"taxonomy":"category","embeddable":true,"href":"https:\/\/www.af-kulturstiftung.de\/wordpress\/wp-json\/wp\/v2\/categories?post=5853"},{"taxonomy":"post_tag","embeddable":true,"href":"https:\/\/www.af-kulturstiftung.de\/wordpress\/wp-json\/wp\/v2\/tags?post=5853"}],"curies":[{"name":"wp","href":"https:\/\/api.w.org\/{rel}","templated":true}]}}