{"id":19321,"date":"2025-07-20T17:37:45","date_gmt":"2025-07-20T15:37:45","guid":{"rendered":"https:\/\/www.af-kulturstiftung.de\/wordpress\/?p=19321"},"modified":"2025-07-20T18:50:28","modified_gmt":"2025-07-20T16:50:28","slug":"werk-des-quartals-03-2025","status":"publish","type":"post","link":"https:\/\/www.af-kulturstiftung.de\/wordpress\/werk-des-quartals-03-2025\/","title":{"rendered":"Werk des Quartals 03.2025"},"content":{"rendered":"<section class=\"l-section wpb_row us_custom_2dbf7b3f height_auto\"><div class=\"l-section-h i-cf\"><div class=\"g-cols vc_row via_flex valign_top type_default stacking_default\"><div class=\"vc_col-sm-6 wpb_column vc_column_container\"><div class=\"vc_column-inner\"><div class=\"wpb_wrapper\"><div class=\"w-separator size_medium\"><\/div><div class=\"w-image align_none meta_simple\"><a ref=\"magnificPopup\" href=\"https:\/\/www.af-kulturstiftung.de\/wordpress\/wp-content\/uploads\/AF_AQ_05_0600-scaled.jpg\" aria-label=\"Andreas Felger, ohne Titel, 2005\" class=\"w-image-h\"><img decoding=\"async\" width=\"769\" height=\"1024\" src=\"https:\/\/www.af-kulturstiftung.de\/wordpress\/wp-content\/uploads\/AF_AQ_05_0600-769x1024.jpg\" class=\"attachment-large size-large\" alt=\"\" loading=\"lazy\" srcset=\"https:\/\/www.af-kulturstiftung.de\/wordpress\/wp-content\/uploads\/AF_AQ_05_0600-769x1024.jpg 769w, https:\/\/www.af-kulturstiftung.de\/wordpress\/wp-content\/uploads\/AF_AQ_05_0600-225x300.jpg 225w, https:\/\/www.af-kulturstiftung.de\/wordpress\/wp-content\/uploads\/AF_AQ_05_0600-113x150.jpg 113w, https:\/\/www.af-kulturstiftung.de\/wordpress\/wp-content\/uploads\/AF_AQ_05_0600-768x1022.jpg 768w, https:\/\/www.af-kulturstiftung.de\/wordpress\/wp-content\/uploads\/AF_AQ_05_0600-scaled.jpg 1924w\" sizes=\"auto, (max-width: 769px) 100vw, 769px\" \/><\/a><div class=\"w-image-meta\"><div class=\"w-image-title\">Andreas Felger, ohne Titel, 2005<\/div><div class=\"w-image-description\">Aquarell auf Papier, 37 x 27,5 cm \u00a9 AFKS <\/div><\/div><\/div><div class=\"w-separator size_huge\"><\/div><\/div><\/div><\/div><div class=\"vc_col-sm-6 wpb_column vc_column_container\"><div class=\"vc_column-inner us_custom_9713f329\"><div class=\"wpb_wrapper\"><div class=\"w-separator size_huge\"><\/div><div class=\"wpb_text_column\"><div class=\"wpb_wrapper\"><h5>ohne Titel<br \/>\n2005<br \/>\nAquarell auf Papier<br \/>\n37 x 27,5 cm<\/h5>\n<\/div><\/div><div class=\"w-separator size_huge\"><\/div><div class=\"wpb_text_column\"><div class=\"wpb_wrapper\"><p>Das Blatt tr\u00e4gt keinen Titel, doch wer Andreas Felgers Engel-Darstellungen kennt, z\u00f6gert nicht, hier eine zu erkennen. Seine Engel faszinieren mich, weil sie grunds\u00e4tzlich innerhalb der Darstellungskonventionen bleiben (&#8218;menschen\u00e4hnliche androgyne Gestalt mit Fl\u00fcgeln&#8216;), er aber gerade darin oder daraus eine nicht enden wollende Diversit\u00e4t der Engel-Erscheinungen hervorbringt. Besonders gef\u00e4llt mir, dass viele seiner Engel nicht idealisiert sind, sondern unter Konflikten, Problemen und Beschr\u00e4nkungen leiden \u2013 und dadurch den Betrachter*innen nicht entr\u00fcckt werden, sondern ihm nah sind.<\/p>\n<p>K\u00fcnstler*innen begegnet in Bezug auf Engel zun\u00e4chst ein Darstellungsproblem, etwas Unsichtbares, Geistiges zu materialisieren, also mit Linien und Farbe auf der Fl\u00e4che zu zeigen. Ein L\u00f6sungsansatz liegt in der Abstraktion, die Darstellung geht so weit in Form und Farbe auf, dass sie gewisserma\u00dfen ungegenst\u00e4ndlich, \u00e4therisch wird. Ein weiterer besteht hier im Aquarell in der Spontanit\u00e4t, Fl\u00fcchtigkeit und Leichtigkeit der Zeichnung und des Farbauftrags, die ebenfalls den Engel in seinem Element erfassen.<\/p>\n<p>Auf dem vorliegenden Blatt erscheint mir die Figur wie ein Mensch, der mit den Fl\u00fcgeln (noch) nicht umzugehen wei\u00df, zu gro\u00df f\u00fcr ihn stellen sie sich quer, reichen von der Erde bis in den Himmel und geh\u00f6ren fast mehr zur Landschaft als zur Figur, die klein und entfernt wie in einem Medaillon eingefasst wird. Gewiss, farblich sind Figur und Fl\u00fcgel eins, ein wenig Wei\u00df um den Kopf gelegt l\u00e4sst an einen Heiligenschein denken.<\/p>\n<p>M\u00f6glicherweise ist es auch gar keine Engel-Abbildung, sondern die Darstellung einer Engel-Werdung. Ein Verpuppungsprozess findet statt, aus dem eine Transfiguration entsteht, die Verwandlung eines irdischen in ein himmlisches Wesen. Ein schwieriger Prozess, die Elemente sind noch disproportional, asymmetrisch, die Konturen unregelm\u00e4\u00dfig. Jede Geburt bereitet Schmerzen, auch die eines Engels, solange seine Fl\u00fcgel noch so tief in den Horizontlinien des Irdischen verankert sind.<\/p>\n<p>Text von Marvin Altner<\/p>\n<\/div><\/div><div class=\"w-separator size_huge\"><\/div><div class=\"w-tabs style_default switch_click accordion has_scrolling\" style=\"--sections-title-size:inherit\"><div class=\"w-tabs-sections titles-align_none icon_chevron cpos_right\"><div class=\"w-tabs-section\" id=\"b98c\"><button class=\"w-tabs-section-header\" aria-controls=\"content-b98c\" aria-expanded=\"false\"><div class=\"w-tabs-section-title\">\u00dcber den Autor<\/div><div class=\"w-tabs-section-control\"><\/div><\/button><div  class=\"w-tabs-section-content\" id=\"content-b98c\"><div class=\"w-tabs-section-content-h i-cf\"><div class=\"wpb_text_column\"><div class=\"wpb_wrapper\"><p>Marvin Altner ist promovierter Kunsthistoriker und Dozent f\u00fcr Kunstwissenschaft an der Universit\u00e4t Kassel. Nach einem Volontariat an der Hamburger Kunsthalle war er als wissenschaftlicher Mitarbeiter und Kurator an Berliner und Hamburger Museen sowie als freischaffender Autor im Bereich der bildenden Kunst des 19. Jahrhunderts bis zur Gegenwart t\u00e4tig. Seit 2012 lehrt er an der Kunsthochschule Kassel im Studiengang Kunstwissenschaft und arbeitet als wissenschaftlicher Mitarbeiter f\u00fcr die Andreas Felger Kulturstiftung, unter anderem als Autor, Ausstellungskoordinator und Betreuer der Datenbank der Werke von Andreas Felger.<\/p>\n<\/div><\/div><\/div><\/div><\/div><\/div><\/div><\/div><\/div><\/div><\/div><\/div><\/section><section class=\"l-section wpb_row height_medium\"><div class=\"l-section-h i-cf\"><div class=\"g-cols vc_row via_flex valign_top type_default stacking_default\"><div class=\"vc_col-sm-12 wpb_column vc_column_container\"><div class=\"vc_column-inner\"><div class=\"wpb_wrapper\"><div class=\"wpb_text_column\"><div class=\"wpb_wrapper\"><\/div><\/div><\/div><\/div><\/div><\/div><\/div><\/section>\n","protected":false},"excerpt":{"rendered":"Andreas Felger, ohne Titel, 2005Aquarell auf Papier, 37 x 27,5 cm \u00a9 AFKS ohne Titel 2005 Aquarell auf Papier 37 x 27,5 cm Das Blatt tr\u00e4gt keinen Titel, doch wer Andreas Felgers Engel-Darstellungen kennt, z\u00f6gert nicht, hier eine zu erkennen. Seine Engel faszinieren mich, weil sie grunds\u00e4tzlich innerhalb der Darstellungskonventionen bleiben (&#8218;menschen\u00e4hnliche androgyne Gestalt mit...","protected":false},"author":4,"featured_media":0,"comment_status":"closed","ping_status":"closed","sticky":false,"template":"","format":"standard","meta":{"h5ap_radio_sources":[],"footnotes":""},"categories":[7],"tags":[],"class_list":["post-19321","post","type-post","status-publish","format-standard","hentry","category-werk-des-quartals"],"_links":{"self":[{"href":"https:\/\/www.af-kulturstiftung.de\/wordpress\/wp-json\/wp\/v2\/posts\/19321","targetHints":{"allow":["GET"]}}],"collection":[{"href":"https:\/\/www.af-kulturstiftung.de\/wordpress\/wp-json\/wp\/v2\/posts"}],"about":[{"href":"https:\/\/www.af-kulturstiftung.de\/wordpress\/wp-json\/wp\/v2\/types\/post"}],"author":[{"embeddable":true,"href":"https:\/\/www.af-kulturstiftung.de\/wordpress\/wp-json\/wp\/v2\/users\/4"}],"replies":[{"embeddable":true,"href":"https:\/\/www.af-kulturstiftung.de\/wordpress\/wp-json\/wp\/v2\/comments?post=19321"}],"version-history":[{"count":0,"href":"https:\/\/www.af-kulturstiftung.de\/wordpress\/wp-json\/wp\/v2\/posts\/19321\/revisions"}],"wp:attachment":[{"href":"https:\/\/www.af-kulturstiftung.de\/wordpress\/wp-json\/wp\/v2\/media?parent=19321"}],"wp:term":[{"taxonomy":"category","embeddable":true,"href":"https:\/\/www.af-kulturstiftung.de\/wordpress\/wp-json\/wp\/v2\/categories?post=19321"},{"taxonomy":"post_tag","embeddable":true,"href":"https:\/\/www.af-kulturstiftung.de\/wordpress\/wp-json\/wp\/v2\/tags?post=19321"}],"curies":[{"name":"wp","href":"https:\/\/api.w.org\/{rel}","templated":true}]}}