{"id":17594,"date":"2024-11-22T10:18:52","date_gmt":"2024-11-22T09:18:52","guid":{"rendered":"https:\/\/www.af-kulturstiftung.de\/wordpress\/?p=17594"},"modified":"2024-11-22T10:23:15","modified_gmt":"2024-11-22T09:23:15","slug":"werk-des-quartals-04-2024","status":"publish","type":"post","link":"https:\/\/www.af-kulturstiftung.de\/wordpress\/werk-des-quartals-04-2024\/","title":{"rendered":"Werk des Quartals 04.2024"},"content":{"rendered":"<section class=\"l-section wpb_row us_custom_2dbf7b3f height_auto\"><div class=\"l-section-h i-cf\"><div class=\"g-cols vc_row via_flex valign_top type_default stacking_default\"><div class=\"vc_col-sm-6 wpb_column vc_column_container\"><div class=\"vc_column-inner\"><div class=\"wpb_wrapper\"><div class=\"w-separator size_medium\"><\/div><div class=\"w-image align_none meta_simple\"><a ref=\"magnificPopup\" href=\"https:\/\/www.af-kulturstiftung.de\/wordpress\/wp-content\/uploads\/AF_AQ_06_0490-1.jpg\" aria-label=\"Andreas Felger, ohne Titel, 2006\" class=\"w-image-h\"><img decoding=\"async\" width=\"752\" height=\"1024\" src=\"https:\/\/www.af-kulturstiftung.de\/wordpress\/wp-content\/uploads\/AF_AQ_06_0490-1-752x1024.jpg\" class=\"attachment-large size-large\" alt=\"\" loading=\"lazy\" srcset=\"https:\/\/www.af-kulturstiftung.de\/wordpress\/wp-content\/uploads\/AF_AQ_06_0490-1-752x1024.jpg 752w, https:\/\/www.af-kulturstiftung.de\/wordpress\/wp-content\/uploads\/AF_AQ_06_0490-1-220x300.jpg 220w, https:\/\/www.af-kulturstiftung.de\/wordpress\/wp-content\/uploads\/AF_AQ_06_0490-1-110x150.jpg 110w, https:\/\/www.af-kulturstiftung.de\/wordpress\/wp-content\/uploads\/AF_AQ_06_0490-1-768x1046.jpg 768w, https:\/\/www.af-kulturstiftung.de\/wordpress\/wp-content\/uploads\/AF_AQ_06_0490-1.jpg 940w\" sizes=\"auto, (max-width: 752px) 100vw, 752px\" \/><\/a><div class=\"w-image-meta\"><div class=\"w-image-title\">Andreas Felger, ohne Titel, 2006<\/div><div class=\"w-image-description\">Aquarell auf Papier, 37,5 x 27,5 cm \u00a9 AFKS<\/div><\/div><\/div><div class=\"w-separator size_huge\"><\/div><\/div><\/div><\/div><div class=\"vc_col-sm-6 wpb_column vc_column_container\"><div class=\"vc_column-inner us_custom_9713f329\"><div class=\"wpb_wrapper\"><div class=\"w-separator size_huge\"><\/div><div class=\"wpb_text_column\"><div class=\"wpb_wrapper\"><h5>Ohne Titel<br \/>\n2006<br \/>\nAquarell auf Papier<br \/>\n37,5 x 27,5 cm<\/h5>\n<\/div><\/div><div class=\"w-separator size_huge\"><\/div><div class=\"wpb_text_column\"><div class=\"wpb_wrapper\"><p><em>Wie ist mir so weh!<br \/>\nMein Herz pocht mir im Leibe<br \/>\nund ich habe keine Ruhe;<br \/>\ndenn ich h\u00f6re der Posaune Hall,<br \/>\nden L\u00e4rm der Feldschlacht;<\/em><\/p>\n<p>Jeremia 4,19<br \/>\n(Lutherbibel, revidierte Fassung 1984)<\/p>\n<p>Wir sehen im Bild als dem Ergebnis des Malprozesses von der obersten Farbebene bis auf das Papier als Bildtr\u00e4ger hindurch, in einem metaphorischen Sinn aber aus der aufgebrochenen Dunkelheit in den unteren Schichten hinauf zu den obersten Lagen, \u00fcber denen nur noch Helligkeit und Leuchtkraft herrschen.<\/p>\n<p>(\u2026)<\/p>\n<p>Ein tragendes Merkmal ist das Verh\u00e4ltnis von Verdichtung und Aufl\u00f6sung, von Verdunklung und Aufhellung, das \u2013 je nachdem wie man das Bild liest \u2013 von oben nach unten oder von unten nach oben wirksam wird. Man bemerkt kaum, dass man nicht mehr nur von au\u00dfen schaut, sondern selbst schon mitten im Bildgeschehen ist und es beim Durchsteigen seines Gef\u00fcges am eigenen Leib erf\u00e4hrt. Wach nimmt man so die dichten Strukturen als eine Art Vergitterung wahr, man assoziiert sie als Verstrickung, man denkt an ein Dickicht und an dessen Durchdringung, man glaubt, in den schwarzen Farben Bedrohung und in den gelben Erleichterung zu sp\u00fcren, man mag auch an loderndes Feuer und zerbrochene Davidsterne denken und man erahnt die Gefahren in einem Labyrinth. Das Bild ist freilich keine Programm-Malerei und keine w\u00f6rtliche Illustration, es ist ein autonomes Kunstwerk, das in Anlehnung an die Worte des Propheten Jeremia in einem offensichtlich vehementen Malprozess entstanden ist.<\/p>\n<p>(\u2026)<\/p>\n<p>Vielleicht zeugt nichts anderes so sehr von Hoffnung wie die Metapher des siegreichen Lichts, das auch in den Wirren, Problemen und \u00c4ngsten des Alltags immer wieder durchdringt. In ihm b\u00fcndelt sich die Aufforderung zur Lebensbejahung ebenso wie der Wunsch, dass es uns in der Ewigkeit leuchte. Ein Bild wie dieses kann uns im Kontext der Bibel diese Botschaft auf eindringliche wie unaufdringliche Weise \u2013 im wahrsten Sinne des Wortes \u2013 erhellen.<\/p>\n<p>Text von Frank G\u00fcnter Zehnder<\/p>\n<\/div><\/div><div class=\"w-separator size_huge\"><\/div><div class=\"w-tabs style_default switch_click accordion has_scrolling\" style=\"--sections-title-size:inherit\"><div class=\"w-tabs-sections titles-align_none icon_chevron cpos_right\"><div class=\"w-tabs-section\" id=\"n339\"><button class=\"w-tabs-section-header\" aria-controls=\"content-n339\" aria-expanded=\"false\"><div class=\"w-tabs-section-title\">\u00dcber den Autor<\/div><div class=\"w-tabs-section-control\"><\/div><\/button><div  class=\"w-tabs-section-content\" id=\"content-n339\"><div class=\"w-tabs-section-content-h i-cf\"><div class=\"wpb_text_column\"><div class=\"wpb_wrapper\"><p>Prof. Dr. Frank G\u00fcnter Zehnder, *1938 in Wuppertal-Barmen. 1973\u201396 am Wallraf-Richartz-Museum K\u00f6ln t\u00e4tig; zuletzt Abteilungsleiter Mittelalter und Gesch\u00e4ftsf\u00fchrer des F\u00f6rdervereins, ab 1991 Honorarprofessor f\u00fcr Kunstgeschichte und Museologie an der Universit\u00e4t Bonn, 1996 Berufung zum Direktor des Rheinischen Landesmuseums Bonn. Seit 2005 im Ruhestand.<\/p>\n<p>Textausschnitt aus: Frank G\u00fcnter Zehnder, Lebensbejahung inmitten der Gefahr, in: Norbert Lammert (Hg.), So sehe ich die Bibel. Pers\u00f6nliche Einblicke in das Buch der B\u00fccher, mit Aquarellen von Andreas Felger, Gnadenthal 2008, S. 55\u201357.<\/p>\n<\/div><\/div><\/div><\/div><\/div><\/div><\/div><\/div><\/div><\/div><\/div><\/div><\/section><section class=\"l-section wpb_row height_medium\"><div class=\"l-section-h i-cf\"><div class=\"g-cols vc_row via_flex valign_top type_default stacking_default\"><div class=\"vc_col-sm-12 wpb_column vc_column_container\"><div class=\"vc_column-inner\"><div class=\"wpb_wrapper\"><div class=\"wpb_text_column\"><div class=\"wpb_wrapper\"><\/div><\/div><\/div><\/div><\/div><\/div><\/div><\/section>\n","protected":false},"excerpt":{"rendered":"Andreas Felger, ohne Titel, 2006Aquarell auf Papier, 37,5 x 27,5 cm \u00a9 AFKS Ohne Titel 2006 Aquarell auf Papier 37,5 x 27,5 cm Wie ist mir so weh! Mein Herz pocht mir im Leibe und ich habe keine Ruhe; denn ich h\u00f6re der Posaune Hall, den L\u00e4rm der Feldschlacht; Jeremia 4,19 (Lutherbibel, revidierte Fassung 1984)...","protected":false},"author":4,"featured_media":17597,"comment_status":"closed","ping_status":"closed","sticky":false,"template":"","format":"standard","meta":{"h5ap_radio_sources":[],"footnotes":""},"categories":[7],"tags":[],"class_list":["post-17594","post","type-post","status-publish","format-standard","has-post-thumbnail","hentry","category-werk-des-quartals"],"_links":{"self":[{"href":"https:\/\/www.af-kulturstiftung.de\/wordpress\/wp-json\/wp\/v2\/posts\/17594","targetHints":{"allow":["GET"]}}],"collection":[{"href":"https:\/\/www.af-kulturstiftung.de\/wordpress\/wp-json\/wp\/v2\/posts"}],"about":[{"href":"https:\/\/www.af-kulturstiftung.de\/wordpress\/wp-json\/wp\/v2\/types\/post"}],"author":[{"embeddable":true,"href":"https:\/\/www.af-kulturstiftung.de\/wordpress\/wp-json\/wp\/v2\/users\/4"}],"replies":[{"embeddable":true,"href":"https:\/\/www.af-kulturstiftung.de\/wordpress\/wp-json\/wp\/v2\/comments?post=17594"}],"version-history":[{"count":0,"href":"https:\/\/www.af-kulturstiftung.de\/wordpress\/wp-json\/wp\/v2\/posts\/17594\/revisions"}],"wp:featuredmedia":[{"embeddable":true,"href":"https:\/\/www.af-kulturstiftung.de\/wordpress\/wp-json\/wp\/v2\/media\/17597"}],"wp:attachment":[{"href":"https:\/\/www.af-kulturstiftung.de\/wordpress\/wp-json\/wp\/v2\/media?parent=17594"}],"wp:term":[{"taxonomy":"category","embeddable":true,"href":"https:\/\/www.af-kulturstiftung.de\/wordpress\/wp-json\/wp\/v2\/categories?post=17594"},{"taxonomy":"post_tag","embeddable":true,"href":"https:\/\/www.af-kulturstiftung.de\/wordpress\/wp-json\/wp\/v2\/tags?post=17594"}],"curies":[{"name":"wp","href":"https:\/\/api.w.org\/{rel}","templated":true}]}}