{"id":16425,"date":"2024-05-09T11:58:01","date_gmt":"2024-05-09T09:58:01","guid":{"rendered":"https:\/\/www.af-kulturstiftung.de\/wordpress\/?p=16425"},"modified":"2025-04-17T16:58:46","modified_gmt":"2025-04-17T14:58:46","slug":"werk-des-quartals-02-2024","status":"publish","type":"post","link":"https:\/\/www.af-kulturstiftung.de\/wordpress\/werk-des-quartals-02-2024\/","title":{"rendered":"Werk des Quartals 02.2024"},"content":{"rendered":"<section class=\"l-section wpb_row us_custom_2dbf7b3f height_auto\"><div class=\"l-section-h i-cf\"><div class=\"g-cols vc_row via_flex valign_top type_default stacking_default\"><div class=\"vc_col-sm-6 wpb_column vc_column_container\"><div class=\"vc_column-inner\"><div class=\"wpb_wrapper\"><div class=\"w-separator size_medium\"><\/div><div class=\"w-image align_none meta_simple\"><a ref=\"magnificPopup\" href=\"https:\/\/www.af-kulturstiftung.de\/wordpress\/wp-content\/uploads\/AF_AQ_98_0032-scaled.jpg\" aria-label=\"Andreas Felger, Der Mensch ist wie die Blume auf dem Felde, 1998\" class=\"w-image-h\"><img decoding=\"async\" width=\"755\" height=\"1024\" src=\"https:\/\/www.af-kulturstiftung.de\/wordpress\/wp-content\/uploads\/AF_AQ_98_0032-755x1024.jpg\" class=\"attachment-large size-large\" alt=\"\" loading=\"lazy\" srcset=\"https:\/\/www.af-kulturstiftung.de\/wordpress\/wp-content\/uploads\/AF_AQ_98_0032-755x1024.jpg 755w, https:\/\/www.af-kulturstiftung.de\/wordpress\/wp-content\/uploads\/AF_AQ_98_0032-221x300.jpg 221w, https:\/\/www.af-kulturstiftung.de\/wordpress\/wp-content\/uploads\/AF_AQ_98_0032-111x150.jpg 111w, https:\/\/www.af-kulturstiftung.de\/wordpress\/wp-content\/uploads\/AF_AQ_98_0032-768x1042.jpg 768w, https:\/\/www.af-kulturstiftung.de\/wordpress\/wp-content\/uploads\/AF_AQ_98_0032-scaled.jpg 1888w\" sizes=\"auto, (max-width: 755px) 100vw, 755px\" \/><\/a><div class=\"w-image-meta\"><div class=\"w-image-title\">Andreas Felger, Der Mensch ist wie die Blume auf dem Felde, 1998<\/div><div class=\"w-image-description\">Aquarell auf Papier, 37,5 x 27 cm \u00a9 AFKS <\/div><\/div><\/div><div class=\"w-separator size_huge\"><\/div><\/div><\/div><\/div><div class=\"vc_col-sm-6 wpb_column vc_column_container\"><div class=\"vc_column-inner us_custom_9713f329\"><div class=\"wpb_wrapper\"><div class=\"w-separator size_huge\"><\/div><div class=\"wpb_text_column\"><div class=\"wpb_wrapper\"><h5>DER MENSCH IST WIE EINE BLUME AUF DEM FELDE<br \/>\n2023<br \/>\nAquarell auf Papier<br \/>\n37,5 x 27 cm<\/h5>\n<\/div><\/div><div class=\"w-separator size_huge\"><\/div><div class=\"wpb_text_column\"><div class=\"wpb_wrapper\"><p>Strahlenf\u00f6rmig leiten die Kompositionslinien den Blick des Beschauers vom unteren Bildrand \u00fcber die Blattfl\u00e4che nach oben, aus ihrer Mitte erw\u00e4chst eine menschliche Gestalt, flankiert von geschwungenen Linien, die auf Pflanzen oder Figuren verweisen. Skizzenhaft andeutend bleiben diese fl\u00fcchtigen Bildzeichen, kraftiger hingegen wirken die Farben, nach au\u00dfen k\u00fchler, zum Bildinnern hin lichter und w\u00e4rmer. Das suchende Auge m\u00e4andert entlang der Linien und Farbpartien durch eine Mischwelt aus floralen und anthropomorphen Formen.<\/p>\n<p>Andreas Felger bezieht sich auf einen bekannten Bibel-Psalm (103:15): \u201eDenn er (\u2026) gedenkt daran, dass wir Staub sind. Ein Mensch ist in seinem Leben wie Gras, er bl\u00fcht wie eine Blume auf dem Feld; wenn der Wind dar\u00fcber geht, so ist sie nimmer da, und ihre St\u00e4tte kennt sie nicht mehr\u201c und so hat das Aquarell auch Eingang in Felgers <em>Bilder der Bibel<\/em> (H\u00fcnfelden 2006) gefunden. Thematisch wird hier die Verg\u00e4nglichkeit betont, die Zartheit und Verletzlichkeit von Blumen wird auf des Menschen Sterblichkeit \u00fcbertragen. Im Aquarell veranschaulicht der Maler diese Symbolik durch Skizzenhaftigkeit ebenso wie das Changieren zwischen Figuration und Abstraktion. Erscheinen und Vergehen werden sicht- und f\u00fchlbar, im biblischen Kontext steht dieses Wechselspiel zwischen Mensch und Pflanze f\u00fcr die Wandlungen des Daseins alles Lebendigen. Tod ist ein zu starkes und einseitiges Wort im Fluss dieser innerbildlichen \u00dcberg\u00e4nge, die weich sind und unscharf geformt.<\/p>\n<p>Die Rede von der \u201eBlume auf dem Felde\u201c hat auch eine poetische Qualit\u00e4t, auf die der Maler farblich antwortet. In Heinrich Heines Gedicht, \u201eDu bist wie eine Blume\u201c, werden ebenfalls die Sch\u00f6pfung und ihre Verg\u00e4nglichkeit thematisiert, hier am Beispiel der religi\u00f6s \u00fcberh\u00f6hten Verletzlichkeit des Sch\u00f6nheitsideals, das die Pflanze\/das M\u00e4dchen verk\u00f6rpern: \u201eDu bist wie eine Blume, \/ So hold und sch\u00f6n und rein; \/ Ich schau\u2019 dich an, und Wehmuth \/ Schleicht mir in\u2019s Herz hinein. \/\/ Mir ist, als ob ich die H\u00e4nde \/ Auf\u2019s Haupt dir legen sollt\u2019, \/ Betend, da\u00df Gott dich erhalte \/ So rein und sch\u00f6n und hold.\u201c<\/p>\n<p>In Andreas Felgers Aquarell klingt vieles an: Die zentrale Figur im Bild l\u00e4sst an Jesus mit seinen J\u00fcngern im Hintergrund denken; gewiss ist das Selbstbild des K\u00fcnstlers und seine Verortung in der Welt ein Aspekt des Werks; die biblische Mahnung, der Mensch sei wie alles Irdische transitorisch, spricht aus dem Blatt; und schlie\u00dflich \u00f6ffnen sich pers\u00f6nliche Assoziationsfelder wie die lyrische Gestimmtheit, die von den Farbwirkungen ausgeht, an Heines Gedichtzeilen denken l\u00e4sst und nicht zuletzt an dessen musikalische Vertonung durch Robert Schumann.<\/p>\n<p>Text von Marvin Altner<\/p>\n<\/div><\/div><div class=\"w-separator size_huge\"><\/div><div class=\"w-tabs style_default switch_click accordion has_scrolling\" style=\"--sections-title-size:inherit\"><div class=\"w-tabs-sections titles-align_none icon_chevron cpos_right\"><div class=\"w-tabs-section\" id=\"x4b3\"><button class=\"w-tabs-section-header\" aria-controls=\"content-x4b3\" aria-expanded=\"false\"><div class=\"w-tabs-section-title\">\u00dcber den Autor<\/div><div class=\"w-tabs-section-control\"><\/div><\/button><div  class=\"w-tabs-section-content\" id=\"content-x4b3\"><div class=\"w-tabs-section-content-h i-cf\"><div class=\"wpb_text_column\"><div class=\"wpb_wrapper\"><p>Marvin Altner ist promovierter Kunsthistoriker und Dozent f\u00fcr Kunstwissenschaft an der Universit\u00e4t Kassel. Nach einem Volontariat an der Hamburger Kunsthalle war er als wissenschaftlicher Mitarbeiter und Kurator an Berliner und Hamburger Museen sowie als freischaffender Autor im Bereich der bildenden Kunst des 19. Jahrhunderts bis zur Gegenwart t\u00e4tig. Seit 2012 lehrt er an der Kunsthochschule Kassel im Studiengang Kunstwissenschaft und arbeitet als wissenschaftlicher Mitarbeiter f\u00fcr die Andreas Felger Kulturstiftung, unter anderem als Autor, Ausstellungskoordinator und Betreuer der Datenbank der Werke von Andreas Felger.<\/p>\n<\/div><\/div><\/div><\/div><\/div><\/div><\/div><\/div><\/div><\/div><\/div><\/div><\/section><section class=\"l-section wpb_row height_medium\"><div class=\"l-section-h i-cf\"><div class=\"g-cols vc_row via_flex valign_top type_default stacking_default\"><div class=\"vc_col-sm-12 wpb_column vc_column_container\"><div class=\"vc_column-inner\"><div class=\"wpb_wrapper\"><div class=\"wpb_text_column\"><div class=\"wpb_wrapper\"><\/div><\/div><\/div><\/div><\/div><\/div><\/div><\/section>\n","protected":false},"excerpt":{"rendered":"Andreas Felger, Der Mensch ist wie die Blume auf dem Felde, 1998Aquarell auf Papier, 37,5 x 27 cm \u00a9 AFKS DER MENSCH IST WIE EINE BLUME AUF DEM FELDE 2023 Aquarell auf Papier 37,5 x 27 cm Strahlenf\u00f6rmig leiten die Kompositionslinien den Blick des Beschauers vom unteren Bildrand \u00fcber die Blattfl\u00e4che nach oben, aus ihrer...","protected":false},"author":4,"featured_media":16426,"comment_status":"closed","ping_status":"closed","sticky":false,"template":"","format":"standard","meta":{"h5ap_radio_sources":[],"footnotes":""},"categories":[7],"tags":[],"class_list":["post-16425","post","type-post","status-publish","format-standard","has-post-thumbnail","hentry","category-werk-des-quartals"],"_links":{"self":[{"href":"https:\/\/www.af-kulturstiftung.de\/wordpress\/wp-json\/wp\/v2\/posts\/16425","targetHints":{"allow":["GET"]}}],"collection":[{"href":"https:\/\/www.af-kulturstiftung.de\/wordpress\/wp-json\/wp\/v2\/posts"}],"about":[{"href":"https:\/\/www.af-kulturstiftung.de\/wordpress\/wp-json\/wp\/v2\/types\/post"}],"author":[{"embeddable":true,"href":"https:\/\/www.af-kulturstiftung.de\/wordpress\/wp-json\/wp\/v2\/users\/4"}],"replies":[{"embeddable":true,"href":"https:\/\/www.af-kulturstiftung.de\/wordpress\/wp-json\/wp\/v2\/comments?post=16425"}],"version-history":[{"count":0,"href":"https:\/\/www.af-kulturstiftung.de\/wordpress\/wp-json\/wp\/v2\/posts\/16425\/revisions"}],"wp:featuredmedia":[{"embeddable":true,"href":"https:\/\/www.af-kulturstiftung.de\/wordpress\/wp-json\/wp\/v2\/media\/16426"}],"wp:attachment":[{"href":"https:\/\/www.af-kulturstiftung.de\/wordpress\/wp-json\/wp\/v2\/media?parent=16425"}],"wp:term":[{"taxonomy":"category","embeddable":true,"href":"https:\/\/www.af-kulturstiftung.de\/wordpress\/wp-json\/wp\/v2\/categories?post=16425"},{"taxonomy":"post_tag","embeddable":true,"href":"https:\/\/www.af-kulturstiftung.de\/wordpress\/wp-json\/wp\/v2\/tags?post=16425"}],"curies":[{"name":"wp","href":"https:\/\/api.w.org\/{rel}","templated":true}]}}