{"id":16363,"date":"2024-03-07T19:51:32","date_gmt":"2024-03-07T18:51:32","guid":{"rendered":"https:\/\/www1.af-kulturstiftung.de\/?p=16363"},"modified":"2025-04-17T16:59:37","modified_gmt":"2025-04-17T14:59:37","slug":"werk-des-quartals-01-2024","status":"publish","type":"post","link":"https:\/\/www.af-kulturstiftung.de\/wordpress\/werk-des-quartals-01-2024\/","title":{"rendered":"Werk des Quartals 01.2024"},"content":{"rendered":"<section class=\"l-section wpb_row us_custom_2dbf7b3f height_auto\"><div class=\"l-section-h i-cf\"><div class=\"g-cols vc_row via_flex valign_top type_default stacking_default\"><div class=\"vc_col-sm-6 wpb_column vc_column_container\"><div class=\"vc_column-inner\"><div class=\"wpb_wrapper\"><div class=\"w-separator size_medium\"><\/div><div class=\"w-image align_none meta_simple\"><a ref=\"magnificPopup\" href=\"https:\/\/www.af-kulturstiftung.de\/wordpress\/wp-content\/uploads\/AF_Oel_23_0021-scaled.jpg\" aria-label=\"Andreas Felger, ohne Titel, 2023\" class=\"w-image-h\"><img decoding=\"async\" width=\"763\" height=\"1024\" src=\"https:\/\/www.af-kulturstiftung.de\/wordpress\/wp-content\/uploads\/AF_Oel_23_0021-763x1024.jpg\" class=\"attachment-large size-large\" alt=\"\" loading=\"lazy\" srcset=\"https:\/\/www.af-kulturstiftung.de\/wordpress\/wp-content\/uploads\/AF_Oel_23_0021-763x1024.jpg 763w, https:\/\/www.af-kulturstiftung.de\/wordpress\/wp-content\/uploads\/AF_Oel_23_0021-224x300.jpg 224w, https:\/\/www.af-kulturstiftung.de\/wordpress\/wp-content\/uploads\/AF_Oel_23_0021-112x150.jpg 112w, https:\/\/www.af-kulturstiftung.de\/wordpress\/wp-content\/uploads\/AF_Oel_23_0021-768x1030.jpg 768w, https:\/\/www.af-kulturstiftung.de\/wordpress\/wp-content\/uploads\/AF_Oel_23_0021-scaled.jpg 1908w\" sizes=\"auto, (max-width: 763px) 100vw, 763px\" \/><\/a><div class=\"w-image-meta\"><div class=\"w-image-title\">Andreas Felger, ohne Titel, 2023<\/div><div class=\"w-image-description\"> \u00d6l auf Leinwand, 80 x 60 cm \u00a9 AFKS<\/div><\/div><\/div><div class=\"w-separator size_huge\"><\/div><div class=\"w-image align_none meta_simple\"><a ref=\"magnificPopup\" href=\"https:\/\/www.af-kulturstiftung.de\/wordpress\/wp-content\/uploads\/AF_AQ_23_0007-scaled.jpg\" aria-label=\"Andreas Felger, ohne Titel, 2023\" class=\"w-image-h\"><img decoding=\"async\" width=\"982\" height=\"1024\" src=\"https:\/\/www.af-kulturstiftung.de\/wordpress\/wp-content\/uploads\/AF_AQ_23_0007-982x1024.jpg\" class=\"attachment-large size-large\" alt=\"\" loading=\"lazy\" srcset=\"https:\/\/www.af-kulturstiftung.de\/wordpress\/wp-content\/uploads\/AF_AQ_23_0007-982x1024.jpg 982w, https:\/\/www.af-kulturstiftung.de\/wordpress\/wp-content\/uploads\/AF_AQ_23_0007-288x300.jpg 288w, https:\/\/www.af-kulturstiftung.de\/wordpress\/wp-content\/uploads\/AF_AQ_23_0007-144x150.jpg 144w, https:\/\/www.af-kulturstiftung.de\/wordpress\/wp-content\/uploads\/AF_AQ_23_0007-768x801.jpg 768w\" sizes=\"auto, (max-width: 982px) 100vw, 982px\" \/><\/a><div class=\"w-image-meta\"><div class=\"w-image-title\">Andreas Felger, ohne Titel, 2023<\/div><div class=\"w-image-description\">Aquarell auf Papier, 70 x 67 cm \u00a9 AFKS<\/div><\/div><\/div><div class=\"w-separator size_medium\"><\/div><\/div><\/div><\/div><div class=\"vc_col-sm-6 wpb_column vc_column_container\"><div class=\"vc_column-inner us_custom_9713f329\"><div class=\"wpb_wrapper\"><div class=\"w-separator size_huge\"><\/div><div class=\"wpb_text_column\"><div class=\"wpb_wrapper\"><h5>OHNE TITEL<br \/>\n2023<br \/>\n\u00d6l auf Leinwand<br \/>\n80 x 60 cm<\/h5>\n<\/div><\/div><div class=\"w-separator size_huge\"><\/div><div class=\"wpb_text_column\"><div class=\"wpb_wrapper\"><p>Reflexhaft dachte ich an Caspar David Friedrich, dessen 250ster Geburtstag dieses Jahr zu einer erh\u00f6hten Aufmerksamkeit f\u00fchrt, zumindest in Greifswald, Dresden, Hamburg und Berlin, Wirkungsst\u00e4tten Friedrichs und Orte, an denen sich heute die gro\u00dfen Sammlungen seiner Werke befinden. Auch auf lange Sicht dominieren bei Friedrich regionale Schwerpunkte seiner Wirkungskreise. Er war ein sehr heimatverbundener K\u00fcnstler, dem Elbsandsteingebirge im Leben und in der Kunst so nah wie Andreas Felger der schw\u00e4bischen Alb. Um diesen Faden weiterzuspinnen: Beide K\u00fcnstler haben zu einem gro\u00dfen Teil Landschaften gemalt und beide waren\/sind gl\u00e4ubige Menschen, deren Hochachtung vor der Sch\u00f6pfung so weit reicht\/e, dass jedes Bild daran teilhat, weil diese Achtung zu ihrer Weltanschauung geh\u00f6rt\/e. Ausgel\u00f6st wurde der Reflex durch die Assoziation einer Fenster\u00f6ffnung angesichts zweier eigentlich abstrakter Kompositionen Andreas Felgers aus dem Jahr 2023.<\/p>\n<p>Der Blick aus dem Fenster k\u00f6nnte ganz profan aufgefasst werden; als eine prototypische Kompositionsform in der deutschen Malerei der Romantik hingegen ger\u00e4t vor dem Fenster viel mehr in den Blick: Himmel, Sehnsucht, Glaube \u2026 am bekanntesten vielleicht Friedrichs <em>Frau am Fenster<\/em> vor gut 200 Jahren in Dresden gemalt, mit einem doppelten Fensterausblick, Elbe und Himmel, Erde und Kosmos getrennt. Bei Felger ist die Polarit\u00e4t von Rahmen und Ausblick, geschlossener (Bild-)Raum und Schauen ins Offene zun\u00e4chst auf das Bild als solches, also sein Format und auf das Material der Malerei bezogen. Aber Leere, Licht und der Eindruck des Schwebenden bleiben verbunden mit ihren traditionellen Bedeutungen, die auf Ferne, Geistiges, H\u00f6heres weisen.<\/p>\n<p>Zugleich ist es kennzeichnend f\u00fcr die Kunst Andreas Felgers, dass die Betrachtung seiner Bilder durch diese Bedeutungen nicht \u00fcberfrachtet werden, weil sie zugleich lebt von der Freude am koloristischen Zusammenspiel, der Leichtigkeit der Pinselsetzungen. Diese erscheinen hier besonders frei, als h\u00e4tte von der Bildmitte ausgehend ein Luftsto\u00df die Farbe aufgewirbelt und der Betrachter wird zum Zeugen des bildlich angehaltenen Moments, nach dem die Partikel niedersinken oder fortschweben werden. Man kann dies Schauspiel mit \u00e4sthetischem Wohlgefallen betrachten \u2026 und auch eine geistige Dimension erahnen, einen Zwischenzustand; Farbmaterie, die sich in Luft, Licht und der Vorstellung von einem \u201adrau\u00dfen\u2018, jenseits der Rahmungen entmaterialisiert. Es zeigt sich im Verh\u00e4ltnis von Aquarell und \u00d6lmalerei sehr unterschiedlich, Linearit\u00e4t und Transparenz versus malerische Tiefe und Dichte der Farbgebung. Kompositorisch und in Bezug auf die Leichtigkeit der Farbsetzungen hingegen bleiben die Gemeinsamkeiten von Felgers Hand.<\/p>\n<p>Text von Marvin Altner<\/p>\n<\/div><\/div><div class=\"w-separator size_huge\"><\/div><div class=\"w-tabs style_default switch_click accordion has_scrolling\" style=\"--sections-title-size:inherit\"><div class=\"w-tabs-sections titles-align_none icon_chevron cpos_right\"><div class=\"w-tabs-section\" id=\"v2ce\"><button class=\"w-tabs-section-header\" aria-controls=\"content-v2ce\" aria-expanded=\"false\"><div class=\"w-tabs-section-title\">\u00dcber den Autor<\/div><div class=\"w-tabs-section-control\"><\/div><\/button><div  class=\"w-tabs-section-content\" id=\"content-v2ce\"><div class=\"w-tabs-section-content-h i-cf\"><div class=\"wpb_text_column\"><div class=\"wpb_wrapper\"><p>Marvin Altner ist promovierter Kunsthistoriker und Dozent f\u00fcr Kunstwissenschaft an der Universit\u00e4t Kassel. Nach einem Volontariat an der Hamburger Kunsthalle war er als wissenschaftlicher Mitarbeiter und Kurator an Berliner und Hamburger Museen sowie als freischaffender Autor im Bereich der bildenden Kunst des 19. Jahrhunderts bis zur Gegenwart t\u00e4tig. Seit 2012 lehrt er an der Kunsthochschule Kassel im Studiengang Kunstwissenschaft und arbeitet als wissenschaftlicher Mitarbeiter f\u00fcr die Andreas Felger Kulturstiftung, unter anderem als Autor, Ausstellungskoordinator und Betreuer der Datenbank der Werke von Andreas Felger.<\/p>\n<\/div><\/div><\/div><\/div><\/div><\/div><\/div><\/div><\/div><\/div><\/div><\/div><\/section><section class=\"l-section wpb_row height_medium\"><div class=\"l-section-h i-cf\"><div class=\"g-cols vc_row via_flex valign_top type_default stacking_default\"><div class=\"vc_col-sm-12 wpb_column vc_column_container\"><div class=\"vc_column-inner\"><div class=\"wpb_wrapper\"><div class=\"wpb_text_column\"><div class=\"wpb_wrapper\"><\/div><\/div><\/div><\/div><\/div><\/div><\/div><\/section>\n","protected":false},"excerpt":{"rendered":"Andreas Felger, ohne Titel, 2023 \u00d6l auf Leinwand, 80 x 60 cm \u00a9 AFKSAndreas Felger, ohne Titel, 2023Aquarell auf Papier, 70 x 67 cm \u00a9 AFKS OHNE TITEL 2023 \u00d6l auf Leinwand 80 x 60 cm Reflexhaft dachte ich an Caspar David Friedrich, dessen 250ster Geburtstag dieses Jahr zu einer erh\u00f6hten Aufmerksamkeit f\u00fchrt, zumindest in...","protected":false},"author":4,"featured_media":16364,"comment_status":"closed","ping_status":"closed","sticky":false,"template":"","format":"standard","meta":{"h5ap_radio_sources":[],"footnotes":""},"categories":[7],"tags":[],"class_list":["post-16363","post","type-post","status-publish","format-standard","has-post-thumbnail","hentry","category-werk-des-quartals"],"_links":{"self":[{"href":"https:\/\/www.af-kulturstiftung.de\/wordpress\/wp-json\/wp\/v2\/posts\/16363","targetHints":{"allow":["GET"]}}],"collection":[{"href":"https:\/\/www.af-kulturstiftung.de\/wordpress\/wp-json\/wp\/v2\/posts"}],"about":[{"href":"https:\/\/www.af-kulturstiftung.de\/wordpress\/wp-json\/wp\/v2\/types\/post"}],"author":[{"embeddable":true,"href":"https:\/\/www.af-kulturstiftung.de\/wordpress\/wp-json\/wp\/v2\/users\/4"}],"replies":[{"embeddable":true,"href":"https:\/\/www.af-kulturstiftung.de\/wordpress\/wp-json\/wp\/v2\/comments?post=16363"}],"version-history":[{"count":0,"href":"https:\/\/www.af-kulturstiftung.de\/wordpress\/wp-json\/wp\/v2\/posts\/16363\/revisions"}],"wp:featuredmedia":[{"embeddable":true,"href":"https:\/\/www.af-kulturstiftung.de\/wordpress\/wp-json\/wp\/v2\/media\/16364"}],"wp:attachment":[{"href":"https:\/\/www.af-kulturstiftung.de\/wordpress\/wp-json\/wp\/v2\/media?parent=16363"}],"wp:term":[{"taxonomy":"category","embeddable":true,"href":"https:\/\/www.af-kulturstiftung.de\/wordpress\/wp-json\/wp\/v2\/categories?post=16363"},{"taxonomy":"post_tag","embeddable":true,"href":"https:\/\/www.af-kulturstiftung.de\/wordpress\/wp-json\/wp\/v2\/tags?post=16363"}],"curies":[{"name":"wp","href":"https:\/\/api.w.org\/{rel}","templated":true}]}}