{"id":16260,"date":"2023-12-28T22:12:45","date_gmt":"2023-12-28T21:12:45","guid":{"rendered":"https:\/\/www1.af-kulturstiftung.de\/?p=16260"},"modified":"2025-04-17T17:00:39","modified_gmt":"2025-04-17T15:00:39","slug":"werk-des-quartals-04-2023","status":"publish","type":"post","link":"https:\/\/www.af-kulturstiftung.de\/wordpress\/werk-des-quartals-04-2023\/","title":{"rendered":"Werk des Quartals 04.2023"},"content":{"rendered":"<section class=\"l-section wpb_row us_custom_2dbf7b3f height_auto\"><div class=\"l-section-h i-cf\"><div class=\"g-cols vc_row via_flex valign_top type_default stacking_default\"><div class=\"vc_col-sm-6 wpb_column vc_column_container\"><div class=\"vc_column-inner\"><div class=\"wpb_wrapper\"><div class=\"w-separator size_medium\"><\/div><div class=\"w-image align_none meta_simple\"><a ref=\"magnificPopup\" href=\"https:\/\/www.af-kulturstiftung.de\/wordpress\/wp-content\/uploads\/AF_MT_20_0002-scaled.jpg\" aria-label=\"Andreas Felger, ohne Titel, 2020\" class=\"w-image-h\"><img decoding=\"async\" width=\"772\" height=\"1024\" src=\"https:\/\/www.af-kulturstiftung.de\/wordpress\/wp-content\/uploads\/AF_MT_20_0002-772x1024.jpg\" class=\"attachment-large size-large\" alt=\"\" loading=\"lazy\" srcset=\"https:\/\/www.af-kulturstiftung.de\/wordpress\/wp-content\/uploads\/AF_MT_20_0002-772x1024.jpg 772w, https:\/\/www.af-kulturstiftung.de\/wordpress\/wp-content\/uploads\/AF_MT_20_0002-226x300.jpg 226w, https:\/\/www.af-kulturstiftung.de\/wordpress\/wp-content\/uploads\/AF_MT_20_0002-113x150.jpg 113w, https:\/\/www.af-kulturstiftung.de\/wordpress\/wp-content\/uploads\/AF_MT_20_0002-768x1019.jpg 768w, https:\/\/www.af-kulturstiftung.de\/wordpress\/wp-content\/uploads\/AF_MT_20_0002-scaled.jpg 1930w\" sizes=\"auto, (max-width: 772px) 100vw, 772px\" \/><\/a><div class=\"w-image-meta\"><div class=\"w-image-title\">Andreas Felger, ohne Titel, 2020<\/div><div class=\"w-image-description\">Mischtechnik, 80 x 60 cm \u00a9 AFKS <\/div><\/div><\/div><div class=\"w-separator size_huge\"><\/div><div class=\"w-image align_none meta_simple\"><a ref=\"magnificPopup\" href=\"https:\/\/www.af-kulturstiftung.de\/wordpress\/wp-content\/uploads\/AF_MT_20_0001-scaled.jpg\" aria-label=\"Andreas Felger, ohne Titel, 2020\" class=\"w-image-h\"><img decoding=\"async\" width=\"769\" height=\"1024\" src=\"https:\/\/www.af-kulturstiftung.de\/wordpress\/wp-content\/uploads\/AF_MT_20_0001-769x1024.jpg\" class=\"attachment-large size-large\" alt=\"\" loading=\"lazy\" srcset=\"https:\/\/www.af-kulturstiftung.de\/wordpress\/wp-content\/uploads\/AF_MT_20_0001-769x1024.jpg 769w, https:\/\/www.af-kulturstiftung.de\/wordpress\/wp-content\/uploads\/AF_MT_20_0001-225x300.jpg 225w, https:\/\/www.af-kulturstiftung.de\/wordpress\/wp-content\/uploads\/AF_MT_20_0001-113x150.jpg 113w, https:\/\/www.af-kulturstiftung.de\/wordpress\/wp-content\/uploads\/AF_MT_20_0001-768x1022.jpg 768w, https:\/\/www.af-kulturstiftung.de\/wordpress\/wp-content\/uploads\/AF_MT_20_0001-scaled.jpg 1923w\" sizes=\"auto, (max-width: 769px) 100vw, 769px\" \/><\/a><div class=\"w-image-meta\"><div class=\"w-image-title\">Andreas Felger, ohne Titel, 2020<\/div><div class=\"w-image-description\">Mischtechnik mit \u00d6l, 80 x 60 cm \u00a9 AFKS <\/div><\/div><\/div><div class=\"w-separator size_medium\"><\/div><\/div><\/div><\/div><div class=\"vc_col-sm-6 wpb_column vc_column_container\"><div class=\"vc_column-inner us_custom_9713f329\"><div class=\"wpb_wrapper\"><div class=\"w-separator size_huge\"><\/div><div class=\"wpb_text_column\"><div class=\"wpb_wrapper\"><h5>OHNE TITEL<br \/>\n2020<br \/>\nMischtechnik<br \/>\n80 x 60 cm<\/h5>\n<\/div><\/div><div class=\"w-separator size_huge\"><\/div><div class=\"wpb_text_column\"><div class=\"wpb_wrapper\"><p>Wer Werke Andreas Felgers kennt, wird mit Blick auf die beiden hier vorgestellten Bilder sogleich neugierig, weil sie anders sind: Material, Collage-Elemente, Schrift und ein Farbauftrag, der kein Gem\u00e4lde, aber auch keine Skizze hervorbringt, sondern ungefiltert roh erscheint. Roh ist auch der Malgrund, der gro\u00dffl\u00e4chig ins Bild einbezogen wurde, grobes Leinen mit eingewebten Streifen in regelm\u00e4\u00dfigen Abst\u00e4nden. Mit diesem (gebrauchten) Stoff setzt die Collage ein, die Integration bildfremder Elemente in die Kunst, denn er hatte bereits eine andere Funktion als Sack f\u00fcr den Transport im b\u00e4uerlichen Leben. Andreas Felger ist in den sp\u00e4ten Jahren aufs Land, in sein Elternhaus zur\u00fcckgekehrt und hier hat man nicht notwendig eine b\u00e4uerliche \u2013 wie Andreas&#8216; Vater, Georg Felger \u2013 aber doch eine l\u00e4ndliche Existenz und so wird das Sackleinen ein Fundst\u00fcck gewesen sein, das beklebt und bemalt zugleich als solches erkennbar bleibt.<\/p>\n<p>Dass Bilder sehr pers\u00f6nliche Dimensionen er\u00f6ffnen, war unter anderem Thema der Ausstellung <a href=\"https:\/\/www.af-kulturstiftung.de\/wordpress\/lebenslinien-andreas-felger-jubilaeumsausstellung\/\" target=\"_blank\" rel=\"noopener\">Lebenslinien. Andreas Felgers Skizzen im Kontext seiner Kunst<\/a>. Insbesondere die Skizzenb\u00fccher erlaubten einen Blick in die Werkstatt des K\u00fcnstlers, nicht nur materiell, sondern auch gedanklich und emotional. Lebensgeschichte und Werkentwicklung konnten am Beispiel einiger <em>Linien<\/em> nachvollzogen werden. In <em>ohne Titel<\/em> hingegen steht das Material im Vordergrund und ob von Andreas Felger intentional oder intuitiv eingesetzt: Die beiden aufgespannten Sackleinen (kunsthistorisch in guter Tradition der <em>Arte Povera<\/em>) &#8218;erz\u00e4hlen&#8216; zusammengefasst eine Werk-Geschichte:<\/p>\n<p>Die Arbeit mit <a href=\"https:\/\/www.af-kulturstiftung.de\/wordpress\/werkstoff\/\" target=\"_blank\" rel=\"noopener\">Textilien<\/a>, roh oder bedruckt, verweist auf die Urspr\u00fcnge der Kunst Felgers. Die expressive Malerei in oft leuchtenden Farben ebenso wie die geometrische Abstraktion folgten in sp\u00e4teren Jahren. Alle drei Aspekte und schlie\u00dflich auch die Schrift, die wie ein Aufdruck wirkt, aber bei genauerem Hinsehen als handgemalt erkennbar ist, verbinden sich zu Kompositionen, die &#8217;sperrig&#8216; sind. Grob aufgetragene Farben, fleckige Leinwand, unregelm\u00e4\u00dfige Konturen \u2026 machen es dem Betrachter nicht leicht, Zugang zu den Bildern zu bekommen. Aber sie bezeugen, wie und womit der K\u00fcnstler arbeitet, einem grob behauenen Holz vergleichbar, das nicht f\u00fcrs Gl\u00e4tten und Polieren bestimmt wurde, aber daf\u00fcr als Werkst\u00fcck seine eigene Kraft des Materials entfaltet. Darin zeigt sich eine Hommage: an den Vater, an die Ernte auf der schw\u00e4bischen Alb mit S\u00e4cken voller \u00c4pfel, an die Faszination, die von leuchtenden Farben und ihrer R\u00e4umlichkeit auf der Fl\u00e4che ausgeht \u2013 ungesch\u00f6nt, aber nahe den Urspr\u00fcngen.<\/p>\n<p>Text von Marvin Altner<\/p>\n<\/div><\/div><div class=\"w-separator size_huge\"><\/div><div class=\"w-tabs style_default switch_click accordion has_scrolling\" style=\"--sections-title-size:inherit\"><div class=\"w-tabs-sections titles-align_none icon_chevron cpos_right\"><div class=\"w-tabs-section\" id=\"b319\"><button class=\"w-tabs-section-header\" aria-controls=\"content-b319\" aria-expanded=\"false\"><div class=\"w-tabs-section-title\">\u00dcber den Autor<\/div><div class=\"w-tabs-section-control\"><\/div><\/button><div  class=\"w-tabs-section-content\" id=\"content-b319\"><div class=\"w-tabs-section-content-h i-cf\"><div class=\"wpb_text_column\"><div class=\"wpb_wrapper\"><p>Marvin Altner ist promovierter Kunsthistoriker und Dozent f\u00fcr Kunstwissenschaft an der Universit\u00e4t Kassel. Nach einem Volontariat an der Hamburger Kunsthalle war er als wissenschaftlicher Mitarbeiter und Kurator an Berliner und Hamburger Museen sowie als freischaffender Autor im Bereich der bildenden Kunst des 19. Jahrhunderts bis zur Gegenwart t\u00e4tig. Seit 2012 lehrt er an der Kunsthochschule Kassel im Studiengang Kunstwissenschaft und arbeitet als wissenschaftlicher Mitarbeiter f\u00fcr die Andreas Felger Kulturstiftung, unter anderem als Autor, Ausstellungskoordinator und Betreuer der Datenbank der Werke von Andreas Felger.<\/p>\n<\/div><\/div><\/div><\/div><\/div><\/div><\/div><\/div><\/div><\/div><\/div><\/div><\/section><section class=\"l-section wpb_row height_medium\"><div class=\"l-section-h i-cf\"><div class=\"g-cols vc_row via_flex valign_top type_default stacking_default\"><div class=\"vc_col-sm-12 wpb_column vc_column_container\"><div class=\"vc_column-inner\"><div class=\"wpb_wrapper\"><div class=\"wpb_text_column\"><div class=\"wpb_wrapper\"><\/div><\/div><\/div><\/div><\/div><\/div><\/div><\/section>\n","protected":false},"excerpt":{"rendered":"Andreas Felger, ohne Titel, 2020Mischtechnik, 80 x 60 cm \u00a9 AFKS Andreas Felger, ohne Titel, 2020Mischtechnik mit \u00d6l, 80 x 60 cm \u00a9 AFKS OHNE TITEL 2020 Mischtechnik 80 x 60 cm Wer Werke Andreas Felgers kennt, wird mit Blick auf die beiden hier vorgestellten Bilder sogleich neugierig, weil sie anders sind: Material, Collage-Elemente, Schrift...","protected":false},"author":4,"featured_media":16256,"comment_status":"closed","ping_status":"closed","sticky":false,"template":"","format":"standard","meta":{"h5ap_radio_sources":[],"footnotes":""},"categories":[7],"tags":[],"class_list":["post-16260","post","type-post","status-publish","format-standard","has-post-thumbnail","hentry","category-werk-des-quartals"],"_links":{"self":[{"href":"https:\/\/www.af-kulturstiftung.de\/wordpress\/wp-json\/wp\/v2\/posts\/16260","targetHints":{"allow":["GET"]}}],"collection":[{"href":"https:\/\/www.af-kulturstiftung.de\/wordpress\/wp-json\/wp\/v2\/posts"}],"about":[{"href":"https:\/\/www.af-kulturstiftung.de\/wordpress\/wp-json\/wp\/v2\/types\/post"}],"author":[{"embeddable":true,"href":"https:\/\/www.af-kulturstiftung.de\/wordpress\/wp-json\/wp\/v2\/users\/4"}],"replies":[{"embeddable":true,"href":"https:\/\/www.af-kulturstiftung.de\/wordpress\/wp-json\/wp\/v2\/comments?post=16260"}],"version-history":[{"count":0,"href":"https:\/\/www.af-kulturstiftung.de\/wordpress\/wp-json\/wp\/v2\/posts\/16260\/revisions"}],"wp:featuredmedia":[{"embeddable":true,"href":"https:\/\/www.af-kulturstiftung.de\/wordpress\/wp-json\/wp\/v2\/media\/16256"}],"wp:attachment":[{"href":"https:\/\/www.af-kulturstiftung.de\/wordpress\/wp-json\/wp\/v2\/media?parent=16260"}],"wp:term":[{"taxonomy":"category","embeddable":true,"href":"https:\/\/www.af-kulturstiftung.de\/wordpress\/wp-json\/wp\/v2\/categories?post=16260"},{"taxonomy":"post_tag","embeddable":true,"href":"https:\/\/www.af-kulturstiftung.de\/wordpress\/wp-json\/wp\/v2\/tags?post=16260"}],"curies":[{"name":"wp","href":"https:\/\/api.w.org\/{rel}","templated":true}]}}