{"id":14563,"date":"2023-09-02T08:32:33","date_gmt":"2023-09-02T06:32:33","guid":{"rendered":"https:\/\/www1.af-kulturstiftung.de\/?p=14563"},"modified":"2025-04-17T17:01:32","modified_gmt":"2025-04-17T15:01:32","slug":"werk-des-quartals-03-2023","status":"publish","type":"post","link":"https:\/\/www.af-kulturstiftung.de\/wordpress\/werk-des-quartals-03-2023\/","title":{"rendered":"Werk des Quartals 03.2023"},"content":{"rendered":"<section class=\"l-section wpb_row us_custom_2dbf7b3f height_auto\"><div class=\"l-section-h i-cf\"><div class=\"g-cols vc_row via_flex valign_top type_default stacking_default\"><div class=\"vc_col-sm-6 wpb_column vc_column_container\"><div class=\"vc_column-inner\"><div class=\"wpb_wrapper\"><div class=\"w-separator size_medium\"><\/div><div class=\"w-image align_none meta_simple\"><a ref=\"magnificPopup\" href=\"https:\/\/www.af-kulturstiftung.de\/wordpress\/wp-content\/uploads\/AF_Oel_22_0045-scaled.jpg\" aria-label=\"Andreas Felger, ohne Titel, 2022\" class=\"w-image-h\"><img decoding=\"async\" width=\"772\" height=\"1024\" src=\"https:\/\/www.af-kulturstiftung.de\/wordpress\/wp-content\/uploads\/AF_Oel_22_0045-772x1024.jpg\" class=\"attachment-large size-large\" alt=\"\" loading=\"lazy\" srcset=\"https:\/\/www.af-kulturstiftung.de\/wordpress\/wp-content\/uploads\/AF_Oel_22_0045-772x1024.jpg 772w, https:\/\/www.af-kulturstiftung.de\/wordpress\/wp-content\/uploads\/AF_Oel_22_0045-226x300.jpg 226w, https:\/\/www.af-kulturstiftung.de\/wordpress\/wp-content\/uploads\/AF_Oel_22_0045-113x150.jpg 113w, https:\/\/www.af-kulturstiftung.de\/wordpress\/wp-content\/uploads\/AF_Oel_22_0045-768x1018.jpg 768w, https:\/\/www.af-kulturstiftung.de\/wordpress\/wp-content\/uploads\/AF_Oel_22_0045-scaled.jpg 1931w\" sizes=\"auto, (max-width: 772px) 100vw, 772px\" \/><\/a><div class=\"w-image-meta\"><div class=\"w-image-title\">Andreas Felger, ohne Titel, 2022<\/div><div class=\"w-image-description\">\u00d6l auf Leinwand, 80 x 60 cm \u00a9 AFKS <\/div><\/div><\/div><div class=\"w-separator size_huge\"><\/div><div class=\"w-image align_none meta_simple\"><a ref=\"magnificPopup\" href=\"https:\/\/www.af-kulturstiftung.de\/wordpress\/wp-content\/uploads\/AF_Oel_21_0041-scaled.jpg\" aria-label=\"Andreas Felger, ohne Titel, 2021\" class=\"w-image-h\"><img decoding=\"async\" width=\"765\" height=\"1024\" src=\"https:\/\/www.af-kulturstiftung.de\/wordpress\/wp-content\/uploads\/AF_Oel_21_0041-765x1024.jpg\" class=\"attachment-large size-large\" alt=\"\" loading=\"lazy\" srcset=\"https:\/\/www.af-kulturstiftung.de\/wordpress\/wp-content\/uploads\/AF_Oel_21_0041-765x1024.jpg 765w, https:\/\/www.af-kulturstiftung.de\/wordpress\/wp-content\/uploads\/AF_Oel_21_0041-224x300.jpg 224w, https:\/\/www.af-kulturstiftung.de\/wordpress\/wp-content\/uploads\/AF_Oel_21_0041-112x150.jpg 112w, https:\/\/www.af-kulturstiftung.de\/wordpress\/wp-content\/uploads\/AF_Oel_21_0041-768x1028.jpg 768w, https:\/\/www.af-kulturstiftung.de\/wordpress\/wp-content\/uploads\/AF_Oel_21_0041-scaled.jpg 1912w\" sizes=\"auto, (max-width: 765px) 100vw, 765px\" \/><\/a><div class=\"w-image-meta\"><div class=\"w-image-title\">Andreas Felger, ohne Titel, 2021<\/div><div class=\"w-image-description\">\u00d6l auf Leinwand, 80 x 60 cm \u00a9 AFKS <\/div><\/div><\/div><div class=\"w-separator size_medium\"><\/div><\/div><\/div><\/div><div class=\"vc_col-sm-6 wpb_column vc_column_container\"><div class=\"vc_column-inner us_custom_9713f329\"><div class=\"wpb_wrapper\"><div class=\"w-separator size_medium\"><\/div><div class=\"w-separator size_medium\"><\/div><div class=\"wpb_text_column\"><div class=\"wpb_wrapper\"><h5>OHNE TITEL<br \/>\n2022<br \/>\n\u00d6L AUF LEINWAND<br \/>\n80 X 60 CM<\/h5>\n<p>&nbsp;<\/p>\n<p>Betrachten wir die \u00d6lbilder Andreas Felgers aus dem Jahr 2022 im \u00dcberblick, dann werden zwei Werkgruppen erkennbar, die relativ geschlossen f\u00fcr sich stehen: Die Gem\u00e4lde mit Bezug auf den Krieg Russlands gegen die Ukraine (vier Beispiele finden Sie in unserer online-Ausstellung <a href=\"https:\/\/www.af-kulturstiftung.de\/wordpress\/online-ausstellungen\/schmerzensbilder\/\">Schmerzensbilder<\/a>) und die Werke, die ich hier provisorisch Flie\u00df-Bilder nennen m\u00f6chte, weil der K\u00fcnstler sie hergestellt hat, indem er die \u00d6lfarbe stark verd\u00fcnnt \u00fcber die Leinw\u00e4nde hat flie\u00dfen lassen. Aus dieser Werkgruppe abstrakter Bilder (weitere werden in der online-Ausstellung <a href=\"https:\/\/www.af-kulturstiftung.de\/wordpress\/online-ausstellungen\/zeitsprung\/\">Zeitsprung<\/a> gezeigt) stelle ich eines vor.<\/p>\n<p>Wir k\u00f6nnen in die Oberfl\u00e4che aus Farben, die noch im fixierten Zustand ihre liquide Konsistenz sichtbar werden l\u00e4sst, beim Anschauen eintauchen, mit den Augen die feinsten Nuancen abtasten und die Strukturen betrachten als seien es Spuren im Sand \u2026 Keine Suche nach Bedeutung wird uns anleiten, wir k\u00f6nnen uns ganz den Reizen des Materials \u00fcberlassen (und dabei auch Neugier und Vergn\u00fcgen nachvollziehen, mit denen Felger sie hervorgebracht hat): zerflie\u00dfend, in Wellenform, weggeschwemmt in zarten Hell-Dunkel-\u00dcberg\u00e4ngen, ausgehend von einer dunklen amorphen Form, die ausbl\u00fcht, mit hellen Einschl\u00fcssen wie Steine, die etwas herausragen, mit unregelm\u00e4\u00dfig rasterf\u00f6rmigen, stellenweise weich konturierten Verstrebungen, fl\u00e4chig, k\u00f6rnig, l\u00f6chrig und links unten kontrastiert durch eine kleine Partie bl\u00e4ulicher Farbe, die mit der Leinwandfarbe oben rechts korrespondiert.<\/p>\n<p>Der gelenkte, aber (im Gegensatz zum Pinselstrich) nicht ganz kontrollierte Farbfluss, der mitbestimmt wird durch die feinen Unebenheiten des Materials, gibt den Eindruck von Freiheit (von k\u00fcnstlerischen Absichten). Wie beim Dripping hat auch hier die Schwerkraft mitgearbeitet. Aber die Freiheit hat Grenzen, nach au\u00dfen ist die Farbe, wie in einer unsichtbaren Rahmung, mit nur leicht unregelm\u00e4\u00dfigen R\u00e4ndern begradigt. So erscheinen die flie\u00dfenden Formen eingefasst und im Kontrast dazu wirkt das Form\u00fcberschreitende noch intensiver. Verdichtung und \u00d6ffnung, sanfte \u00dcberg\u00e4nge und gratige Linien, die l\u00f6chrig und etwas bizarr erscheinen \u2013 mit leichter Hand hat Andreas Felger Gegens\u00e4tze auf einer Fl\u00e4che vereint und den Prozess angehalten, bevor die Farben durch \u00dcberlagerung oder Verwischung tr\u00fcbe w\u00fcrden.<\/p>\n<p>Zuletzt noch ein Vergleichsbeispiel gleichen Formats aus dem Vorjahr: Auch hier sind Hell-Dunkel-Kontraste, eine Umrandung, die das Bildzentrum hervorhebt, breite Farbfl\u00e4chen und feinste Linien zu finden. Auch wenn die &#8218;Flie\u00df-Bilder&#8216; im Werk Felgers ungew\u00f6hnlich erscheinen und die Rechteckformen, Pinselspuren und Ritzungen das Handwerk des K\u00fcnstlers so wie wir es kennen vergegenw\u00e4rtigen, gibt es doch Gemeinsamkeiten, die die Zusammengeh\u00f6rigkeit der Werke bezeugen.<\/p>\n<p>&nbsp;<\/p>\n<p>Text von Marvin Altner<\/p>\n<\/div><\/div><div class=\"w-separator size_medium\"><\/div><div class=\"w-tabs style_default switch_click accordion has_scrolling\" style=\"--sections-title-size:inherit\"><div class=\"w-tabs-sections titles-align_none icon_chevron cpos_right\"><div class=\"w-tabs-section\" id=\"ic90\"><button class=\"w-tabs-section-header\" aria-controls=\"content-ic90\" aria-expanded=\"false\"><div class=\"w-tabs-section-title\">\u00dcber den Autor<\/div><div class=\"w-tabs-section-control\"><\/div><\/button><div  class=\"w-tabs-section-content\" id=\"content-ic90\"><div class=\"w-tabs-section-content-h i-cf\"><div class=\"wpb_text_column\"><div class=\"wpb_wrapper\"><p>Marvin Altner ist promovierter Kunsthistoriker und Dozent f\u00fcr Kunstwissenschaft an der Universit\u00e4t Kassel. Nach einem Volontariat an der Hamburger Kunsthalle war er als wissenschaftlicher Mitarbeiter und Kurator an Berliner und Hamburger Museen sowie als freischaffender Autor im Bereich der bildenden Kunst des 19. Jahrhunderts bis zur Gegenwart t\u00e4tig. Seit 2012 lehrt er an der Kunsthochschule Kassel im Studiengang Kunstwissenschaft und arbeitet als wissenschaftlicher Mitarbeiter f\u00fcr die Andreas Felger Kulturstiftung, unter anderem als Autor, Ausstellungskoordinator und Betreuer der Datenbank der Werke von Andreas Felger.<\/p>\n<\/div><\/div><\/div><\/div><\/div><\/div><\/div><\/div><\/div><\/div><\/div><\/div><\/section><section class=\"l-section wpb_row height_medium\"><div class=\"l-section-h i-cf\"><div class=\"g-cols vc_row via_flex valign_top type_default stacking_default\"><div class=\"vc_col-sm-12 wpb_column vc_column_container\"><div class=\"vc_column-inner\"><div class=\"wpb_wrapper\"><div class=\"wpb_text_column\"><div class=\"wpb_wrapper\"><\/div><\/div><\/div><\/div><\/div><\/div><\/div><\/section>\n","protected":false},"excerpt":{"rendered":"Andreas Felger, ohne Titel, 2022\u00d6l auf Leinwand, 80 x 60 cm \u00a9 AFKS Andreas Felger, ohne Titel, 2021\u00d6l auf Leinwand, 80 x 60 cm \u00a9 AFKS OHNE TITEL 2022 \u00d6L AUF LEINWAND 80 X 60 CM &nbsp; Betrachten wir die \u00d6lbilder Andreas Felgers aus dem Jahr 2022 im \u00dcberblick, dann werden zwei Werkgruppen erkennbar, die...","protected":false},"author":4,"featured_media":1429,"comment_status":"closed","ping_status":"closed","sticky":false,"template":"","format":"standard","meta":{"h5ap_radio_sources":[],"footnotes":""},"categories":[7],"tags":[],"class_list":["post-14563","post","type-post","status-publish","format-standard","has-post-thumbnail","hentry","category-werk-des-quartals"],"_links":{"self":[{"href":"https:\/\/www.af-kulturstiftung.de\/wordpress\/wp-json\/wp\/v2\/posts\/14563","targetHints":{"allow":["GET"]}}],"collection":[{"href":"https:\/\/www.af-kulturstiftung.de\/wordpress\/wp-json\/wp\/v2\/posts"}],"about":[{"href":"https:\/\/www.af-kulturstiftung.de\/wordpress\/wp-json\/wp\/v2\/types\/post"}],"author":[{"embeddable":true,"href":"https:\/\/www.af-kulturstiftung.de\/wordpress\/wp-json\/wp\/v2\/users\/4"}],"replies":[{"embeddable":true,"href":"https:\/\/www.af-kulturstiftung.de\/wordpress\/wp-json\/wp\/v2\/comments?post=14563"}],"version-history":[{"count":0,"href":"https:\/\/www.af-kulturstiftung.de\/wordpress\/wp-json\/wp\/v2\/posts\/14563\/revisions"}],"wp:featuredmedia":[{"embeddable":true,"href":"https:\/\/www.af-kulturstiftung.de\/wordpress\/wp-json\/wp\/v2\/media\/1429"}],"wp:attachment":[{"href":"https:\/\/www.af-kulturstiftung.de\/wordpress\/wp-json\/wp\/v2\/media?parent=14563"}],"wp:term":[{"taxonomy":"category","embeddable":true,"href":"https:\/\/www.af-kulturstiftung.de\/wordpress\/wp-json\/wp\/v2\/categories?post=14563"},{"taxonomy":"post_tag","embeddable":true,"href":"https:\/\/www.af-kulturstiftung.de\/wordpress\/wp-json\/wp\/v2\/tags?post=14563"}],"curies":[{"name":"wp","href":"https:\/\/api.w.org\/{rel}","templated":true}]}}