{"id":12867,"date":"2023-05-16T15:21:26","date_gmt":"2023-05-16T13:21:26","guid":{"rendered":"https:\/\/www1.af-kulturstiftung.de\/?p=12867"},"modified":"2024-03-08T15:35:52","modified_gmt":"2024-03-08T14:35:52","slug":"werk-des-quartals-02-2023","status":"publish","type":"post","link":"https:\/\/www.af-kulturstiftung.de\/wordpress\/werk-des-quartals-02-2023\/","title":{"rendered":"Werk des Quartals 02.2023"},"content":{"rendered":"<section class=\"l-section wpb_row us_custom_2dbf7b3f height_auto\"><div class=\"l-section-h i-cf\"><div class=\"g-cols vc_row via_flex valign_top type_default stacking_default\"><div class=\"vc_col-sm-6 wpb_column vc_column_container\"><div class=\"vc_column-inner\"><div class=\"wpb_wrapper\"><div class=\"w-separator size_medium\"><\/div><div class=\"w-image align_none meta_simple\"><a ref=\"magnificPopup\" href=\"https:\/\/www.af-kulturstiftung.de\/wordpress\/wp-content\/uploads\/AF_AQ_05_0607.jpeg\" aria-label=\"Andreas Felger, ohne Titel (Die zehn Jungfrauen), 2005\" class=\"w-image-h\"><img decoding=\"async\" width=\"762\" height=\"1024\" src=\"https:\/\/www.af-kulturstiftung.de\/wordpress\/wp-content\/uploads\/AF_AQ_05_0607-762x1024.jpeg\" class=\"attachment-large size-large\" alt=\"\" loading=\"lazy\" srcset=\"https:\/\/www.af-kulturstiftung.de\/wordpress\/wp-content\/uploads\/AF_AQ_05_0607-762x1024.jpeg 762w, https:\/\/www.af-kulturstiftung.de\/wordpress\/wp-content\/uploads\/AF_AQ_05_0607-223x300.jpeg 223w, https:\/\/www.af-kulturstiftung.de\/wordpress\/wp-content\/uploads\/AF_AQ_05_0607-112x150.jpeg 112w, https:\/\/www.af-kulturstiftung.de\/wordpress\/wp-content\/uploads\/AF_AQ_05_0607-768x1032.jpeg 768w, https:\/\/www.af-kulturstiftung.de\/wordpress\/wp-content\/uploads\/AF_AQ_05_0607.jpeg 953w\" sizes=\"auto, (max-width: 762px) 100vw, 762px\" \/><\/a><div class=\"w-image-meta\"><div class=\"w-image-title\">Andreas Felger, ohne Titel (Die zehn Jungfrauen), 2005<\/div><div class=\"w-image-description\">Aquarell auf Papier, 37,5 x 27,5 cm \u00a9 AFKS<\/div><\/div><\/div><\/div><\/div><\/div><div class=\"vc_col-sm-6 wpb_column vc_column_container\"><div class=\"vc_column-inner us_custom_9713f329\"><div class=\"wpb_wrapper\"><div class=\"w-separator size_medium\"><\/div><div class=\"w-separator size_medium\"><\/div><div class=\"wpb_text_column\"><div class=\"wpb_wrapper\"><h5>Ohne Titel (Matth\u00e4us 25,1)<br \/>\n2005<br \/>\nAquarell auf Papier<br \/>\n37,5 x 27,5 cm<\/h5>\n<p>&nbsp;<\/p>\n<p>F\u00fcr den Betrachter des Bildes dominiert die aufsteigende Linie mit ihrem charakteristischen Wendepunkt. Aus den von unten kommenden Dunkelgestalten werden Lichttr\u00e4ger, die dem alles \u00fcberflutenden Licht entgegengehen.<\/p>\n<p>Der K\u00fcnstler hat das Gleichnis nicht \u2013 wie h\u00e4ufig etwa bei den Figurengruppen in mittelalterlichen Kirchenportalen \u2013 vornehmlich als Kontrastprogramm verstanden: Hier die t\u00f6richten, hier die klugen Jungfrauen, ohne Verbindung miteinander, ohne Br\u00fccke von den einen zu den anderen. Das Bild akzentuiert f\u00fcr mich die Botschaft des Gleichnisses anders. Es geht nicht um ein Entweder-Oder, sondern um einen Weg vom Hier zum Dort. Es ist, als ob die von unten aufsteigenden Figuren die Chance erhalten, den Weg weiterzugehen, freilich um den Preis einer radikalen Neuorientierung.<\/p>\n<p>Das Bild weckt in mir als unmittelbare Assoziation die Erinnerung an die politische Wende im Osten unseres Landes vor nun nahezu 20 Jahren. Der Umsturz der Machtverh\u00e4ltnisse war in der Tat eine einschneidende Kehre, die in vielen Lebensbereichen die eingeschliffenen Verhaltensweisen und Gepflogenheiten auf den Kopf stellte. Nicht alle haben die Wende in ihren K\u00f6pfen und Herzen geschafft! (\u2026)<\/p>\n<p>Hilft uns die Bildbetrachtung weiter? In der Kehre steht schon, die Parallelit\u00e4t der Gestalten auff\u00e4llig ver\u00e4ndernd, die erste der Lichttr\u00e4gerinnen. Schaut sie noch auf jene, die aus dem Dunkel nachdr\u00e4ngen? Ist ihre ver\u00e4nderte Blickrichtung nach einem anderen Oben, der Lichtf\u00fclle der linken oberen Bildh\u00e4lfte eine Einladung, die &#8218;Kehre&#8216; zu wagen?<\/p>\n<p>Diese k\u00fcnstlerische Auslegung der alten Bildgeschichte atmet anthropologischen Optimismus. Oder sollte ich sagen: Christliche Hoffnung? Auch jene, die jetzt noch im Dunkeln wandern, k\u00f6nnen sich dem Licht zuwenden und so zu Lichttr\u00e4gern werden.<\/p>\n<p>Text von Joachim Wanke<\/p>\n<\/div><\/div><div class=\"w-separator size_medium\"><\/div><div class=\"w-tabs style_default switch_click accordion has_scrolling\" style=\"--sections-title-size:inherit\"><div class=\"w-tabs-sections titles-align_none icon_chevron cpos_right\"><div class=\"w-tabs-section\" id=\"1508185862410-3ab80c3b-1856\"><button class=\"w-tabs-section-header\" aria-controls=\"content-1508185862410-3ab80c3b-1856\" aria-expanded=\"false\"><div class=\"w-tabs-section-title\">\u00dcber den Autor<\/div><div class=\"w-tabs-section-control\"><\/div><\/button><div  class=\"w-tabs-section-content\" id=\"content-1508185862410-3ab80c3b-1856\"><div class=\"w-tabs-section-content-h i-cf\"><div class=\"wpb_text_column\"><div class=\"wpb_wrapper\"><p>*1941 in Breslau, Studium Philosophie und Theologie, 1973 Promotion. Ab 1975 Dozent f\u00fcr neutestamentliche Exegese am Philosophisch-Theologischen Studium Erfurt, seit 1980 als Professor. 1981 Bischof und Apostolischer Administrator in Erfurt und Meiningen. Seit 1994 Bischoff der Di\u00f6zese Erfurt. 1998\u20132010 Vorsitzender der Pastoralkommission der Deutschen Bischofskonferenz. Emeritierter Bischof von Erfurt seit 2012.<\/p>\n<p>Textausschnitt aus: Joachim Wanke, Die Wende wagen, in: Norbert Lammert (Hg.), So sehe ich die Bibel. Pers\u00f6nliche Einblicke in das Buch der B\u00fccher, mit Aquarellen von Andreas Felger, Gnadenthal 2008, S. 78\u201379.<\/p>\n<\/div><\/div><\/div><\/div><\/div><\/div><\/div><\/div><\/div><\/div><\/div><\/div><\/section><section class=\"l-section wpb_row height_medium\"><div class=\"l-section-h i-cf\"><div class=\"g-cols vc_row via_flex valign_top type_default stacking_default\"><div class=\"vc_col-sm-12 wpb_column vc_column_container\"><div class=\"vc_column-inner\"><div class=\"wpb_wrapper\"><div class=\"wpb_text_column\"><div class=\"wpb_wrapper\"><\/div><\/div><\/div><\/div><\/div><\/div><\/div><\/section><section class=\"l-section wpb_row height_medium\"><div class=\"l-section-h i-cf\"><div class=\"g-cols vc_row via_flex valign_top type_default stacking_default\"><div class=\"vc_col-sm-12 wpb_column vc_column_container\"><div class=\"vc_column-inner\"><div class=\"wpb_wrapper\"><div class=\"w-separator size_medium\"><\/div><\/div><\/div><\/div><\/div><\/div><\/section>\n","protected":false},"excerpt":{"rendered":"Andreas Felger, ohne Titel (Die zehn Jungfrauen), 2005Aquarell auf Papier, 37,5 x 27,5 cm \u00a9 AFKS Ohne Titel (Matth\u00e4us 25,1) 2005 Aquarell auf Papier 37,5 x 27,5 cm &nbsp; F\u00fcr den Betrachter des Bildes dominiert die aufsteigende Linie mit ihrem charakteristischen Wendepunkt. Aus den von unten kommenden Dunkelgestalten werden Lichttr\u00e4ger, die dem alles \u00fcberflutenden Licht...","protected":false},"author":4,"featured_media":12870,"comment_status":"closed","ping_status":"closed","sticky":false,"template":"","format":"standard","meta":{"h5ap_radio_sources":[],"footnotes":""},"categories":[7],"tags":[],"class_list":["post-12867","post","type-post","status-publish","format-standard","has-post-thumbnail","hentry","category-werk-des-quartals"],"_links":{"self":[{"href":"https:\/\/www.af-kulturstiftung.de\/wordpress\/wp-json\/wp\/v2\/posts\/12867","targetHints":{"allow":["GET"]}}],"collection":[{"href":"https:\/\/www.af-kulturstiftung.de\/wordpress\/wp-json\/wp\/v2\/posts"}],"about":[{"href":"https:\/\/www.af-kulturstiftung.de\/wordpress\/wp-json\/wp\/v2\/types\/post"}],"author":[{"embeddable":true,"href":"https:\/\/www.af-kulturstiftung.de\/wordpress\/wp-json\/wp\/v2\/users\/4"}],"replies":[{"embeddable":true,"href":"https:\/\/www.af-kulturstiftung.de\/wordpress\/wp-json\/wp\/v2\/comments?post=12867"}],"version-history":[{"count":0,"href":"https:\/\/www.af-kulturstiftung.de\/wordpress\/wp-json\/wp\/v2\/posts\/12867\/revisions"}],"wp:featuredmedia":[{"embeddable":true,"href":"https:\/\/www.af-kulturstiftung.de\/wordpress\/wp-json\/wp\/v2\/media\/12870"}],"wp:attachment":[{"href":"https:\/\/www.af-kulturstiftung.de\/wordpress\/wp-json\/wp\/v2\/media?parent=12867"}],"wp:term":[{"taxonomy":"category","embeddable":true,"href":"https:\/\/www.af-kulturstiftung.de\/wordpress\/wp-json\/wp\/v2\/categories?post=12867"},{"taxonomy":"post_tag","embeddable":true,"href":"https:\/\/www.af-kulturstiftung.de\/wordpress\/wp-json\/wp\/v2\/tags?post=12867"}],"curies":[{"name":"wp","href":"https:\/\/api.w.org\/{rel}","templated":true}]}}