{"id":12844,"date":"2023-01-19T13:07:57","date_gmt":"2023-01-19T12:07:57","guid":{"rendered":"https:\/\/www1.af-kulturstiftung.de\/?p=12844"},"modified":"2024-03-08T15:33:49","modified_gmt":"2024-03-08T14:33:49","slug":"werk-des-quartals-01-2023","status":"publish","type":"post","link":"https:\/\/www.af-kulturstiftung.de\/wordpress\/werk-des-quartals-01-2023\/","title":{"rendered":"Werk des Quartals 01.2023"},"content":{"rendered":"<section class=\"l-section wpb_row us_custom_2dbf7b3f height_auto\"><div class=\"l-section-h i-cf\"><div class=\"g-cols vc_row via_flex valign_top type_default stacking_default\"><div class=\"vc_col-sm-6 wpb_column vc_column_container\"><div class=\"vc_column-inner\"><div class=\"wpb_wrapper\"><div class=\"w-separator size_medium\"><\/div><div class=\"w-image align_none meta_simple\"><a ref=\"magnificPopup\" href=\"https:\/\/www.af-kulturstiftung.de\/wordpress\/wp-content\/uploads\/AF_HR_01_0005-1-scaled.jpg\" aria-label=\"Andreas Felger, Herrlichkeit, 2001\" class=\"w-image-h\"><img decoding=\"async\" width=\"1024\" height=\"1024\" src=\"https:\/\/www.af-kulturstiftung.de\/wordpress\/wp-content\/uploads\/AF_HR_01_0005-1-1024x1024.jpg\" class=\"attachment-large size-large\" alt=\"\" loading=\"lazy\" srcset=\"https:\/\/www.af-kulturstiftung.de\/wordpress\/wp-content\/uploads\/AF_HR_01_0005-1-1024x1024.jpg 1024w, https:\/\/www.af-kulturstiftung.de\/wordpress\/wp-content\/uploads\/AF_HR_01_0005-1-300x300.jpg 300w, https:\/\/www.af-kulturstiftung.de\/wordpress\/wp-content\/uploads\/AF_HR_01_0005-1-150x150.jpg 150w, https:\/\/www.af-kulturstiftung.de\/wordpress\/wp-content\/uploads\/AF_HR_01_0005-1-350x350.jpg 350w, https:\/\/www.af-kulturstiftung.de\/wordpress\/wp-content\/uploads\/AF_HR_01_0005-1-600x600.jpg 600w, https:\/\/www.af-kulturstiftung.de\/wordpress\/wp-content\/uploads\/AF_HR_01_0005-1-768x768.jpg 768w\" sizes=\"auto, (max-width: 1024px) 100vw, 1024px\" \/><\/a><div class=\"w-image-meta\"><div class=\"w-image-title\">Andreas Felger, Herrlichkeit, 2001<\/div><div class=\"w-image-description\">Blattgold auf Holz, 340 x 340 x 340 cm, Christus Pavillon, Kloster Volkenroda \u00a9 AFKS<\/div><\/div><\/div><div class=\"w-separator size_medium\"><\/div><div class=\"w-image align_none meta_simple\"><a ref=\"magnificPopup\" href=\"https:\/\/www.af-kulturstiftung.de\/wordpress\/wp-content\/uploads\/MM_MT_22_0005-scaled.jpg\" aria-label=\"Mimo Mali, Fountain of happiness, 2022\" class=\"w-image-h\"><img decoding=\"async\" width=\"1024\" height=\"890\" src=\"https:\/\/www.af-kulturstiftung.de\/wordpress\/wp-content\/uploads\/MM_MT_22_0005-1024x890.jpg\" class=\"attachment-large size-large\" alt=\"Mimo Mali, &quot;Light in the Darkness&quot; (2022) in: Andreas Felger, I AM Words, Nine Chambers, Christ Pavilion, Volkenroda Monastery\" loading=\"lazy\" srcset=\"https:\/\/www.af-kulturstiftung.de\/wordpress\/wp-content\/uploads\/MM_MT_22_0005-1024x890.jpg 1024w, https:\/\/www.af-kulturstiftung.de\/wordpress\/wp-content\/uploads\/MM_MT_22_0005-300x261.jpg 300w, https:\/\/www.af-kulturstiftung.de\/wordpress\/wp-content\/uploads\/MM_MT_22_0005-150x130.jpg 150w, https:\/\/www.af-kulturstiftung.de\/wordpress\/wp-content\/uploads\/MM_MT_22_0005-768x668.jpg 768w\" sizes=\"auto, (max-width: 1024px) 100vw, 1024px\" \/><\/a><div class=\"w-image-meta\"><div class=\"w-image-title\">Mimo Mali, Fountain of happiness, 2022<\/div><div class=\"w-image-description\">220 x 220 x 220 cm, Mixed media on canvas \u00a9 Mimo Mali <\/div><\/div><\/div><div class=\"w-separator size_medium\"><\/div><div class=\"w-image align_none meta_simple\"><a ref=\"magnificPopup\" href=\"https:\/\/www.af-kulturstiftung.de\/wordpress\/wp-content\/uploads\/LITD_goldenRoom_1.jpg\" aria-label=\"Mimo Mali, Fountain of happiness, 2022\" class=\"w-image-h\"><img decoding=\"async\" width=\"802\" height=\"1024\" src=\"https:\/\/www.af-kulturstiftung.de\/wordpress\/wp-content\/uploads\/LITD_goldenRoom_1-802x1024.jpg\" class=\"attachment-large size-large\" alt=\"Mimo Mali, &quot;Light in the Darkness&quot; (2022) in: Andreas Felger, I AM Words, Nine Chambers (here: &quot;Glory&quot;), Christ Pavilion, Volkenroda Monastery\" loading=\"lazy\" srcset=\"https:\/\/www.af-kulturstiftung.de\/wordpress\/wp-content\/uploads\/LITD_goldenRoom_1-802x1024.jpg 802w, https:\/\/www.af-kulturstiftung.de\/wordpress\/wp-content\/uploads\/LITD_goldenRoom_1-235x300.jpg 235w, https:\/\/www.af-kulturstiftung.de\/wordpress\/wp-content\/uploads\/LITD_goldenRoom_1-118x150.jpg 118w, https:\/\/www.af-kulturstiftung.de\/wordpress\/wp-content\/uploads\/LITD_goldenRoom_1-768x980.jpg 768w, https:\/\/www.af-kulturstiftung.de\/wordpress\/wp-content\/uploads\/LITD_goldenRoom_1.jpg 1365w\" sizes=\"auto, (max-width: 802px) 100vw, 802px\" \/><\/a><div class=\"w-image-meta\"><div class=\"w-image-title\">Mimo Mali, Fountain of happiness, 2022<\/div><div class=\"w-image-description\">200 x 200 x 200 cm, Acrylic and fluorescent paints on canvas \u00a9 AFKS<\/div><\/div><\/div><\/div><\/div><\/div><div class=\"vc_col-sm-6 wpb_column vc_column_container\"><div class=\"vc_column-inner us_custom_9713f329\"><div class=\"wpb_wrapper\"><div class=\"w-separator size_medium\"><\/div><div class=\"w-separator size_medium\"><\/div><div class=\"wpb_text_column\"><div class=\"wpb_wrapper\"><h5>Herrlichkeit<br \/>\n2001<br \/>\nBlattgold auf Holz<br \/>\n270 x 270 x 270 cm<br \/>\nChristus Pavillon, Kloster Volkenroda<\/h5>\n<p>&nbsp;<\/p>\n<h5>Mimo Mali<br \/>\nFont\u00e4ne des Gl\u00fccks<br \/>\nMischtechnik auf Leinwand<br \/>\n220 x 220 x 220 cm<\/h5>\n<p>&nbsp;<\/p>\n<p>Die Andreas Felger Kulturstiftung hat die K\u00fcnstlerin Mimo Mali 2022 eingeladen, mit den von Andreas Felger im Jahr 2001 gestalteten Kammern im Christus Pavillon (Kloster Volkenroda) in einen k\u00fcnstlerischen Dialog zu treten. Mali ist eine multidisziplin\u00e4re Mixed-Media-K\u00fcnstlerin, eine urbane, kreative Nomadin mit nordafrikanischen und deutschen Wurzeln, die an der Kunsthochschule Weissensee in Berlin studiert hat und aktuell in Mexiko lebt. Im September 2022 wurde die Ausstellung <em>Light in the Darkness<\/em> mit Interventionen Malis in allen neun Kammern Andreas Felgers er\u00f6ffnet. Mali zeigte sich als Malerin, arbeitete aber auch mit Objekten, Collagen und Elementen von Rauminstallationen.<\/p>\n<p>Unter den neun R\u00e4umen hat die <em>Herrlichkeit<\/em> betitelte Kammer einen Sonderstatus. Mit wenigen Mitteln, einem schlichten Kreis in der Mitte der Kammer, die komplett mit Blattgold ausgestaltet ist, gelingt es Felger, mit dieser Raumgestaltung eine \u00fcberaus kraftvolle Wirkung zu erzeugen. Die r\u00e4umliche Dimension der Kammer ist aufgrund der lichtreflektierenden monochromen Goldfarbe kaum absch\u00e4tzbar. Es scheint, als h\u00e4tten sich hier die irdischen Dimensionen aufgel\u00f6st.<\/p>\n<p>Mimo Mali fand einen unmittelbaren Zugang und eine \u201agl\u00fcckliche\u2018 Antwort auf diese Kammer, indem sie auf die raum-bildlichen Vorgaben ebenfalls mit reduzierten k\u00fcnstlerischen Mitteln reagierte. Sie stellt ein schlichtes, gleichschenkliges Dreieck vor den goldenen Kreis. Zwei geometrische Grundformen treffen aufeinander, die in der christlichen Ikonographie oft f\u00fcr die Darstellung des Vollkommenen, des G\u00f6ttlichen und des Dreieinen verwendet werden. Hier ragt die Dreiecksspitze in die Mitte und konzentriert damit Energie und Aufmerksamkeit auf das Zentrum des goldenen Kreises. Im Innern des Dreiecks flie\u00dfen kr\u00e4ftige, bewegte Farben zueinander, mit einer \u201eDynamik des Farbauftrags\u201c, die \u201enach oben geht. F\u00fcr mich ist es eine <em>Font\u00e4ne des Gl\u00fccks<\/em>, die den Aspekt der Herrlichkeit um den der Gl\u00fcckseligkeit bereichert\u201c (Zitat Mimo Mali anl\u00e4sslich der Ausstellungser\u00f6ffnung).<\/p>\n<p>Text von Kurt Freitag<\/p>\n<\/div><\/div><div class=\"w-separator size_medium\"><\/div><div class=\"w-tabs style_default switch_click accordion has_scrolling\" style=\"--sections-title-size:inherit\"><div class=\"w-tabs-sections titles-align_none icon_chevron cpos_right\"><div class=\"w-tabs-section\" id=\"se7a\"><button class=\"w-tabs-section-header\" aria-controls=\"content-se7a\" aria-expanded=\"false\"><div class=\"w-tabs-section-title\">\u00dcber den Autor<\/div><div class=\"w-tabs-section-control\"><\/div><\/button><div  class=\"w-tabs-section-content\" id=\"content-se7a\"><div class=\"w-tabs-section-content-h i-cf\"><div class=\"wpb_text_column\"><div class=\"wpb_wrapper\"><p>Kurt Freitag ist ein essayistisch veranlagter Gelegenheitsschreiber gem\u00e4\u00df Clarice Lispectors Credo: \u201eIch schreibe nur, wenn ich Lust dazu habe. Ich bin ein Amateur und bestehe darauf, das auch zu bleiben. Ein Profi hat eine pers\u00f6nliche Verpflichtung zum Schreiben. Oder eine Verpflichtung gegen\u00fcber jemand anderem, um zu schreiben. Was mich betrifft \u2026 ich bestehe darauf, kein Profi zu sein. Um meine Freiheit zu behalten.\u201c In diesem Sinne entstehen seine Texte zur Kunst, zum Leben und zu den Kammern im Christus Pavillon.<\/p>\n<\/div><\/div><\/div><\/div><\/div><\/div><\/div><\/div><\/div><\/div><\/div><\/div><\/section><section class=\"l-section wpb_row height_medium\"><div class=\"l-section-h i-cf\"><div class=\"g-cols vc_row via_flex valign_top type_default stacking_default\"><div class=\"vc_col-sm-12 wpb_column vc_column_container\"><div class=\"vc_column-inner\"><div class=\"wpb_wrapper\"><div class=\"wpb_text_column\"><div class=\"wpb_wrapper\"><\/div><\/div><\/div><\/div><\/div><\/div><\/div><\/section><section class=\"l-section wpb_row height_medium\"><div class=\"l-section-h i-cf\"><div class=\"g-cols vc_row via_flex valign_top type_default stacking_default\"><div class=\"vc_col-sm-12 wpb_column vc_column_container\"><div class=\"vc_column-inner\"><div class=\"wpb_wrapper\"><div class=\"w-separator size_medium\"><\/div><\/div><\/div><\/div><\/div><\/div><\/section>\n","protected":false},"excerpt":{"rendered":"Andreas Felger, Herrlichkeit, 2001Blattgold auf Holz, 340 x 340 x 340 cm, Christus Pavillon, Kloster Volkenroda \u00a9 AFKSMimo Mali, Fountain of happiness, 2022220 x 220 x 220 cm, Mixed media on canvas \u00a9 Mimo Mali Mimo Mali, Fountain of happiness, 2022200 x 200 x 200 cm, Acrylic and fluorescent paints on canvas \u00a9 AFKS Herrlichkeit...","protected":false},"author":4,"featured_media":3950,"comment_status":"closed","ping_status":"closed","sticky":false,"template":"","format":"standard","meta":{"h5ap_radio_sources":[],"footnotes":""},"categories":[7],"tags":[],"class_list":["post-12844","post","type-post","status-publish","format-standard","has-post-thumbnail","hentry","category-werk-des-quartals"],"_links":{"self":[{"href":"https:\/\/www.af-kulturstiftung.de\/wordpress\/wp-json\/wp\/v2\/posts\/12844","targetHints":{"allow":["GET"]}}],"collection":[{"href":"https:\/\/www.af-kulturstiftung.de\/wordpress\/wp-json\/wp\/v2\/posts"}],"about":[{"href":"https:\/\/www.af-kulturstiftung.de\/wordpress\/wp-json\/wp\/v2\/types\/post"}],"author":[{"embeddable":true,"href":"https:\/\/www.af-kulturstiftung.de\/wordpress\/wp-json\/wp\/v2\/users\/4"}],"replies":[{"embeddable":true,"href":"https:\/\/www.af-kulturstiftung.de\/wordpress\/wp-json\/wp\/v2\/comments?post=12844"}],"version-history":[{"count":0,"href":"https:\/\/www.af-kulturstiftung.de\/wordpress\/wp-json\/wp\/v2\/posts\/12844\/revisions"}],"wp:featuredmedia":[{"embeddable":true,"href":"https:\/\/www.af-kulturstiftung.de\/wordpress\/wp-json\/wp\/v2\/media\/3950"}],"wp:attachment":[{"href":"https:\/\/www.af-kulturstiftung.de\/wordpress\/wp-json\/wp\/v2\/media?parent=12844"}],"wp:term":[{"taxonomy":"category","embeddable":true,"href":"https:\/\/www.af-kulturstiftung.de\/wordpress\/wp-json\/wp\/v2\/categories?post=12844"},{"taxonomy":"post_tag","embeddable":true,"href":"https:\/\/www.af-kulturstiftung.de\/wordpress\/wp-json\/wp\/v2\/tags?post=12844"}],"curies":[{"name":"wp","href":"https:\/\/api.w.org\/{rel}","templated":true}]}}