{"id":11243,"date":"2022-01-16T18:51:53","date_gmt":"2022-01-16T17:51:53","guid":{"rendered":"https:\/\/www1.af-kulturstiftung.de\/?p=11243"},"modified":"2022-03-25T20:29:41","modified_gmt":"2022-03-25T19:29:41","slug":"werk-des-quartals-04-2021","status":"publish","type":"post","link":"https:\/\/www.af-kulturstiftung.de\/wordpress\/werk-des-quartals-04-2021\/","title":{"rendered":"Werk des Quartals 04.2021"},"content":{"rendered":"<section class=\"l-section wpb_row us_custom_2dbf7b3f height_auto\"><div class=\"l-section-h i-cf\"><div class=\"g-cols vc_row via_flex valign_top type_default stacking_default\"><div class=\"vc_col-sm-6 wpb_column vc_column_container\"><div class=\"vc_column-inner\"><div class=\"wpb_wrapper\"><div class=\"w-separator size_medium\"><\/div><div class=\"w-image align_none meta_simple\"><a ref=\"magnificPopup\" href=\"https:\/\/www.af-kulturstiftung.de\/wordpress\/wp-content\/uploads\/AF_AQ_05_0416.jpeg\" aria-label=\"Andreas Felger, Ohne Titel, 2005\" class=\"w-image-h\"><img decoding=\"async\" width=\"760\" height=\"1024\" src=\"https:\/\/www.af-kulturstiftung.de\/wordpress\/wp-content\/uploads\/AF_AQ_05_0416-760x1024.jpeg\" class=\"attachment-large size-large\" alt=\"\" loading=\"lazy\" srcset=\"https:\/\/www.af-kulturstiftung.de\/wordpress\/wp-content\/uploads\/AF_AQ_05_0416-760x1024.jpeg 760w, https:\/\/www.af-kulturstiftung.de\/wordpress\/wp-content\/uploads\/AF_AQ_05_0416-223x300.jpeg 223w, https:\/\/www.af-kulturstiftung.de\/wordpress\/wp-content\/uploads\/AF_AQ_05_0416-111x150.jpeg 111w, https:\/\/www.af-kulturstiftung.de\/wordpress\/wp-content\/uploads\/AF_AQ_05_0416-768x1035.jpeg 768w, https:\/\/www.af-kulturstiftung.de\/wordpress\/wp-content\/uploads\/AF_AQ_05_0416.jpeg 950w\" sizes=\"auto, (max-width: 760px) 100vw, 760px\" \/><\/a><div class=\"w-image-meta\"><div class=\"w-image-title\">Andreas Felger, Ohne Titel, 2005<\/div><div class=\"w-image-description\">Aquarell auf Papier, 74 x 65 cm \u00a9 AFKS<\/div><\/div><\/div><\/div><\/div><\/div><div class=\"vc_col-sm-6 wpb_column vc_column_container\"><div class=\"vc_column-inner us_custom_9713f329\"><div class=\"wpb_wrapper\"><div class=\"w-separator size_medium\"><\/div><div class=\"wpb_text_column\"><div class=\"wpb_wrapper\"><h5>Ohne Titel<br \/>\n2005<br \/>\nAquarell auf Papier<br \/>\n74 x 65 cm<\/h5>\n<p>&nbsp;<\/p>\n<p>Ein St\u00fcck Sommer, Strahlkraft, W\u00e4rme, Weichheit, Intimit\u00e4t, N\u00e4he, Liebesglut \u2013 eine Kraft und Intensit\u00e4t, die ihresgleichen sucht. Das Motiv sprang aus der Seite, r\u00fcckte mir f\u00f6rmlich auf den Leib und strahlte in mein Herz: &#8222;Nimm mich!&#8220; Ich konnte gar nicht umhin, es als meinen Favoriten zu w\u00e4hlen. Und als ich den Text dazu las, wurde mein Herz auf ein Weiteres \u00fcberw\u00e4ltigt. (\u2026)<br \/>\n&#8222;Und der Herr redete mit Mose und sprach: Rede mit der ganzen Gemeinde der Israeliten und sprich zu ihnen: Ihr sollt heilig sein, denn ich bin heilig der Herr, euer Gott.&#8220; (3. Mose 19,2)<br \/>\nMan k\u00f6nnte zun\u00e4chst auf die Idee kommen, die beiden Quader st\u00fcnden f\u00fcr die beiden Gesetzestafeln, auf denen Gott seinem Volk die 10 Gebote darreichen l\u00e4sst. Der Gott, der den Israeliten aus dem Feuer erschien, \u00fcbermittelt durch seinen Freund Mose zwei feurig brennende Tontafeln. Gl\u00fchend spiegeln sie seine lodernde Leidenschaft und sein unb\u00e4ndiges Streben nach Gerechtigkeit wider.<br \/>\nMein Herz interpretiert anders, sieht den Sommer, riecht die Liebesglut, f\u00fchlt sich angezogen: In meinen Augen sind die beiden Vierecke Sinnbild f\u00fcr Mensch und Gott. Kein oben und unten. Gleichberechtigtes Nebeneinander. Keine kantigen Gebilde, die sich beharken, sto\u00dfen oder verletzten k\u00f6nnten. Weiche, aufgerichtete Formen, aneinandergelehnt. Klar erkennbar zwei \u2013 und doch schon bald eins werdend. Das Ganze wirkt stabil und unverr\u00fcckbar, die beiden Formen st\u00fctzen und halten sich innig. Es flie\u00dft zwischen den beiden. Und der Fluss nimmt kein Ende, wird nicht fertig. Zusammenatmen. Zusammenwirken. Zusammenleben.<\/p>\n<p>Text von Eva Jung<\/p>\n<\/div><\/div><div class=\"w-separator size_medium\"><\/div><div class=\"w-tabs style_default switch_click accordion has_scrolling\" style=\"--sections-title-size:inherit\"><div class=\"w-tabs-sections titles-align_none icon_chevron cpos_right\"><div class=\"w-tabs-section\" id=\"1508185862410-3ab80c3b-1856\"><button class=\"w-tabs-section-header\" aria-controls=\"content-1508185862410-3ab80c3b-1856\" aria-expanded=\"false\"><div class=\"w-tabs-section-title\">\u00dcber die Autorin<\/div><div class=\"w-tabs-section-control\"><\/div><\/button><div  class=\"w-tabs-section-content\" id=\"content-1508185862410-3ab80c3b-1856\"><div class=\"w-tabs-section-content-h i-cf\"><div class=\"wpb_text_column\"><div class=\"wpb_wrapper\"><p>*1968 in Landau\/Pfalz, Studium Kommunikationsdesign, Werbe-Texterin, Mitglied im Art Directors Club Deutschland, Gewinnerin zahlreicher nationaler und internationaler Kreativpreise. Sie initiiert und gestaltet die christliche Internet-Plattform godnews.de. Bekannt wurde sie durch die von ihr konzipierte Kartenserie &#8222;Godcards&#8220;, die \u00fcberraschend und au\u00dferhalb der g\u00e4ngigen Klischees die &#8222;Gute Nachricht&#8220; der Bibel verstehbar macht.<\/p>\n<p>Textausschnitt aus: Eva Jung, Die Gebote im Schmelzofen der Zuneigung, in: Norbert Lammert (Hg.), So sehe ich die Bibel. Pers\u00f6nliche Einblicke in das Buch der B\u00fccher, mit Aquarellen von Andreas Felger, Gnadenthal 2008, S. 26\u201327.<\/p>\n<\/div><\/div><\/div><\/div><\/div><\/div><\/div><\/div><\/div><\/div><\/div><\/div><\/section><section class=\"l-section wpb_row height_medium\"><div class=\"l-section-h i-cf\"><div class=\"g-cols vc_row via_flex valign_top type_default stacking_default\"><div class=\"vc_col-sm-12 wpb_column vc_column_container\"><div class=\"vc_column-inner\"><div class=\"wpb_wrapper\"><div class=\"wpb_text_column\"><div class=\"wpb_wrapper\"><\/div><\/div><\/div><\/div><\/div><\/div><\/div><\/section><section class=\"l-section wpb_row height_medium\"><div class=\"l-section-h i-cf\"><div class=\"g-cols vc_row via_flex valign_top type_default stacking_default\"><div class=\"vc_col-sm-12 wpb_column vc_column_container\"><div class=\"vc_column-inner\"><div class=\"wpb_wrapper\"><div class=\"w-separator size_medium\"><\/div><\/div><\/div><\/div><\/div><\/div><\/section>\n","protected":false},"excerpt":{"rendered":"Andreas Felger, Ohne Titel, 2005Aquarell auf Papier, 74 x 65 cm \u00a9 AFKSOhne Titel 2005 Aquarell auf Papier 74 x 65 cm &nbsp; Ein St\u00fcck Sommer, Strahlkraft, W\u00e4rme, Weichheit, Intimit\u00e4t, N\u00e4he, Liebesglut \u2013 eine Kraft und Intensit\u00e4t, die ihresgleichen sucht. Das Motiv sprang aus der Seite, r\u00fcckte mir f\u00f6rmlich auf den Leib und strahlte in...","protected":false},"author":4,"featured_media":11239,"comment_status":"closed","ping_status":"closed","sticky":false,"template":"","format":"standard","meta":{"h5ap_radio_sources":[],"footnotes":""},"categories":[7],"tags":[],"class_list":["post-11243","post","type-post","status-publish","format-standard","has-post-thumbnail","hentry","category-werk-des-quartals"],"_links":{"self":[{"href":"https:\/\/www.af-kulturstiftung.de\/wordpress\/wp-json\/wp\/v2\/posts\/11243","targetHints":{"allow":["GET"]}}],"collection":[{"href":"https:\/\/www.af-kulturstiftung.de\/wordpress\/wp-json\/wp\/v2\/posts"}],"about":[{"href":"https:\/\/www.af-kulturstiftung.de\/wordpress\/wp-json\/wp\/v2\/types\/post"}],"author":[{"embeddable":true,"href":"https:\/\/www.af-kulturstiftung.de\/wordpress\/wp-json\/wp\/v2\/users\/4"}],"replies":[{"embeddable":true,"href":"https:\/\/www.af-kulturstiftung.de\/wordpress\/wp-json\/wp\/v2\/comments?post=11243"}],"version-history":[{"count":0,"href":"https:\/\/www.af-kulturstiftung.de\/wordpress\/wp-json\/wp\/v2\/posts\/11243\/revisions"}],"wp:featuredmedia":[{"embeddable":true,"href":"https:\/\/www.af-kulturstiftung.de\/wordpress\/wp-json\/wp\/v2\/media\/11239"}],"wp:attachment":[{"href":"https:\/\/www.af-kulturstiftung.de\/wordpress\/wp-json\/wp\/v2\/media?parent=11243"}],"wp:term":[{"taxonomy":"category","embeddable":true,"href":"https:\/\/www.af-kulturstiftung.de\/wordpress\/wp-json\/wp\/v2\/categories?post=11243"},{"taxonomy":"post_tag","embeddable":true,"href":"https:\/\/www.af-kulturstiftung.de\/wordpress\/wp-json\/wp\/v2\/tags?post=11243"}],"curies":[{"name":"wp","href":"https:\/\/api.w.org\/{rel}","templated":true}]}}