{"id":17781,"date":"2024-11-22T10:18:52","date_gmt":"2024-11-22T09:18:52","guid":{"rendered":"https:\/\/www.af-kulturstiftung.de\/wordpress\/werk-des-quartals-04-2024\/"},"modified":"2025-05-07T09:32:12","modified_gmt":"2025-05-07T07:32:12","slug":"work-of-the-quarter-04-2024","status":"publish","type":"post","link":"https:\/\/www.af-kulturstiftung.de\/wordpress\/en\/work-of-the-quarter-04-2024\/","title":{"rendered":"Work of the Quarter 04.2024"},"content":{"rendered":"<section class=\"l-section wpb_row us_custom_2dbf7b3f height_auto\"><div class=\"l-section-h i-cf\"><div class=\"g-cols vc_row via_flex valign_top type_default stacking_default\"><div class=\"vc_col-sm-6 wpb_column vc_column_container\"><div class=\"vc_column-inner\"><div class=\"wpb_wrapper\"><div class=\"w-separator size_medium\"><\/div><div class=\"w-image align_none meta_simple\"><a ref=\"magnificPopup\" href=\"https:\/\/www.af-kulturstiftung.de\/wordpress\/wp-content\/uploads\/AF_AQ_06_0490-1_engl.jpg\" aria-label=\"Andreas Felger, Untitled, 2006\" class=\"w-image-h\"><img decoding=\"async\" width=\"752\" height=\"1024\" src=\"https:\/\/www.af-kulturstiftung.de\/wordpress\/wp-content\/uploads\/AF_AQ_06_0490-1_engl-752x1024.jpg\" class=\"attachment-large size-large\" alt=\"\" loading=\"lazy\" srcset=\"https:\/\/www.af-kulturstiftung.de\/wordpress\/wp-content\/uploads\/AF_AQ_06_0490-1_engl-752x1024.jpg 752w, https:\/\/www.af-kulturstiftung.de\/wordpress\/wp-content\/uploads\/AF_AQ_06_0490-1_engl-220x300.jpg 220w, https:\/\/www.af-kulturstiftung.de\/wordpress\/wp-content\/uploads\/AF_AQ_06_0490-1_engl-110x150.jpg 110w, https:\/\/www.af-kulturstiftung.de\/wordpress\/wp-content\/uploads\/AF_AQ_06_0490-1_engl-768x1046.jpg 768w, https:\/\/www.af-kulturstiftung.de\/wordpress\/wp-content\/uploads\/AF_AQ_06_0490-1_engl.jpg 940w\" sizes=\"auto, (max-width: 752px) 100vw, 752px\" \/><\/a><div class=\"w-image-meta\"><div class=\"w-image-title\">Andreas Felger, Untitled, 2006<\/div><div class=\"w-image-description\">Watercolour on paper, 37,5 x 27,5 cm \u00a9 AFKS <\/div><\/div><\/div><div class=\"w-separator size_huge\"><\/div><\/div><\/div><\/div><div class=\"vc_col-sm-6 wpb_column vc_column_container\"><div class=\"vc_column-inner us_custom_9713f329\"><div class=\"wpb_wrapper\"><div class=\"w-separator size_huge\"><\/div><div class=\"wpb_text_column\"><div class=\"wpb_wrapper\"><h5>Untitled<br \/>\n2006<br \/>\nWatercolour on paper<br \/>\n37,5 x 27,5 cm<\/h5>\n<\/div><\/div><div class=\"w-separator size_huge\"><\/div><div class=\"wpb_text_column\"><div class=\"wpb_wrapper\"><p><em>How it hurts me so much!<br \/>\nMy heart is pounding in my body<br \/>\nand I have no peace;<br \/>\nfor I hear the sound of the trumpet,<br \/>\nthe noise of the battle;<\/em><\/p>\n<p>Jeremiah 4:19<br \/>\n(Luther Bible, revised version 1984)<\/p>\n<p>In the picture, as the result of the painting process, we see from the uppermost colour layer through to the paper as the picture carrier, but in a metaphorical sense from the broken darkness in the lower layers up to the uppermost layers, above which only brightness and luminosity prevail.<\/p>\n<p>(\u2026)<\/p>\n<p>A key feature is the relationship between compression and dissolution, between darkening and brightening, which \u2013 depending on how you read the picture \u2013 takes effect from top to bottom or from bottom to top. You hardly notice that you are no longer just looking from the outside, but that you are already in the middle of the picture and experiencing it for yourself as you climb through its structure. Awake, we perceive the dense structures as a kind of latticework, we associate them with entanglement, we think of a thicket and its penetration, we believe we sense a threat in the black colours and relief in the yellow ones, we may also think of blazing fire and broken Stars of David and we sense the dangers in a labyrinth. Of course, the picture is not a programme painting or a literal illustration, it is an autonomous work of art that was created in an obviously vehement painting process based on the words of the prophet Jeremiah.<\/p>\n<p>(\u2026)<\/p>\n<p>Perhaps nothing else testifies to hope as much as the metaphor of the victorious light, which penetrates again and again even in the turmoil, problems and fears of everyday life. It summarises the call to affirm life as well as the wish that it will shine for us in eternity. In the context of the Bible, an image like this can \u2013 in the truest sense of the word \u2013 illuminate this message for us in an emphatic and unobtrusive way .<\/p>\n<p>Text by Frank G\u00fcnter Zehnder<\/p>\n<\/div><\/div><div class=\"w-separator size_huge\"><\/div><div class=\"w-tabs style_default switch_click accordion has_scrolling\" style=\"--sections-title-size:inherit\"><div class=\"w-tabs-sections titles-align_none icon_chevron cpos_right\"><div class=\"w-tabs-section\" id=\"1508185862410-3ab80c3b-1856\"><button class=\"w-tabs-section-header\" aria-controls=\"content-1508185862410-3ab80c3b-1856\" aria-expanded=\"false\"><div class=\"w-tabs-section-title\">About the author<\/div><div class=\"w-tabs-section-control\"><\/div><\/button><div  class=\"w-tabs-section-content\" id=\"content-1508185862410-3ab80c3b-1856\"><div class=\"w-tabs-section-content-h i-cf\"><div class=\"wpb_text_column\"><div class=\"wpb_wrapper\"><p>Prof. Dr. Frank G\u00fcnter Zehnder, *1938 in Wuppertal-Barmen. 1973-96 worked at the Wallraf-Richartz-Museum in Cologne; lastly Head of the Medieval Department and Managing Director of the Friends&#8217; Association, from 1991 Honorary Professor of Art History and Museology at the University of Bonn, 1996 appointed Director of the Rheinisches Landesmuseum Bonn. Retired since 2005.<\/p>\n<p>Text excerpt from: Frank G\u00fcnter Zehnder, Lebensbejahung inmitten der Gefahr, in: Norbert Lammert (Hg.), So sehe ich die Bibel. Pers\u00f6nliche Einblicke in das Buch der B\u00fccher, mit Aquarellen von Andreas Felger, Gnadenthal 2008, S. 55\u201357.<\/p>\n<\/div><\/div><\/div><\/div><\/div><\/div><\/div><\/div><\/div><\/div><\/div><\/div><\/section><section class=\"l-section wpb_row height_medium\"><div class=\"l-section-h i-cf\"><div class=\"g-cols vc_row via_flex valign_top type_default stacking_default\"><div class=\"vc_col-sm-12 wpb_column vc_column_container\"><div class=\"vc_column-inner\"><div class=\"wpb_wrapper\"><div class=\"wpb_text_column\"><div class=\"wpb_wrapper\"><\/div><\/div><\/div><\/div><\/div><\/div><\/div><\/section>\n","protected":false},"excerpt":{"rendered":"Andreas Felger, Untitled, 2006Watercolour on paper, 37,5 x 27,5 cm \u00a9 AFKS Untitled 2006 Watercolour on paper 37,5 x 27,5 cm How it hurts me so much! My heart is pounding in my body and I have no peace; for I hear the sound of the trumpet, the noise of the battle; Jeremiah 4:19 (Luther...","protected":false},"author":4,"featured_media":17598,"comment_status":"closed","ping_status":"closed","sticky":false,"template":"","format":"standard","meta":{"h5ap_radio_sources":[],"footnotes":""},"categories":[122],"tags":[],"class_list":["post-17781","post","type-post","status-publish","format-standard","has-post-thumbnail","hentry","category-work-of-the-quarter"],"_links":{"self":[{"href":"https:\/\/www.af-kulturstiftung.de\/wordpress\/en\/wp-json\/wp\/v2\/posts\/17781","targetHints":{"allow":["GET"]}}],"collection":[{"href":"https:\/\/www.af-kulturstiftung.de\/wordpress\/en\/wp-json\/wp\/v2\/posts"}],"about":[{"href":"https:\/\/www.af-kulturstiftung.de\/wordpress\/en\/wp-json\/wp\/v2\/types\/post"}],"author":[{"embeddable":true,"href":"https:\/\/www.af-kulturstiftung.de\/wordpress\/en\/wp-json\/wp\/v2\/users\/4"}],"replies":[{"embeddable":true,"href":"https:\/\/www.af-kulturstiftung.de\/wordpress\/en\/wp-json\/wp\/v2\/comments?post=17781"}],"version-history":[{"count":0,"href":"https:\/\/www.af-kulturstiftung.de\/wordpress\/en\/wp-json\/wp\/v2\/posts\/17781\/revisions"}],"wp:featuredmedia":[{"embeddable":true,"href":"https:\/\/www.af-kulturstiftung.de\/wordpress\/en\/wp-json\/wp\/v2\/media\/17598"}],"wp:attachment":[{"href":"https:\/\/www.af-kulturstiftung.de\/wordpress\/en\/wp-json\/wp\/v2\/media?parent=17781"}],"wp:term":[{"taxonomy":"category","embeddable":true,"href":"https:\/\/www.af-kulturstiftung.de\/wordpress\/en\/wp-json\/wp\/v2\/categories?post=17781"},{"taxonomy":"post_tag","embeddable":true,"href":"https:\/\/www.af-kulturstiftung.de\/wordpress\/en\/wp-json\/wp\/v2\/tags?post=17781"}],"curies":[{"name":"wp","href":"https:\/\/api.w.org\/{rel}","templated":true}]}}