{"id":15941,"date":"2017-10-16T22:04:34","date_gmt":"2017-10-16T20:04:34","guid":{"rendered":"https:\/\/www1.af-kulturstiftung.de\/werkstoff\/"},"modified":"2023-10-09T10:12:06","modified_gmt":"2023-10-09T08:12:06","slug":"werkstoff","status":"publish","type":"post","link":"https:\/\/www.af-kulturstiftung.de\/wordpress\/en\/werkstoff\/","title":{"rendered":"WERK.STOFF"},"content":{"rendered":"<section class=\"l-section wpb_row us_custom_2dbf7b3f height_auto\"><div class=\"l-section-h i-cf\"><div class=\"g-cols vc_row via_flex valign_top type_default stacking_default\"><div class=\"vc_col-sm-8 wpb_column vc_column_container\"><div class=\"vc_column-inner\"><div class=\"wpb_wrapper\"><div class=\"w-separator size_medium\"><\/div><div class=\"wpb_text_column\"><div class=\"wpb_wrapper\"><h5>WERK.STOFF &#8211; The Textile in Art<br \/>\nM\u00f6ssingen<br \/>\n19.-04.-12.07.2015<\/h5>\n<p>On the occasion of the artist&#8217;s 80th birthday in 2015, the Andreas Felger Kulturstiftung is showing the exhibition &#8220;WERK.STOFF. Andreas Felger &#8211; The Textile in Art&#8221; in M\u00f6ssingen&#8217;s Pausa-Quartier.<\/p>\n<p>Felger&#8217;s multifaceted artistic oeuvre is brought together here for the first time with his creative beginnings as a textile designer: fabric designs and textiles from the time he worked for Pausa AG enter into dialogue with selected oil paintings, watercolours, woodcuts and sculptures.<\/p>\n<p>The fact that the barrel hall, the historic Pausa hall for fabric-printing in the listed ensemble of the former textile company, could be made available by the city of M\u00f6ssingen as an exhibition space creates an ideal link between the historical location and the current presentation.<\/p>\n<p>An exhibition by the Andreas Felger Kulturstiftung in cooperation with the city of M\u00f6ssingen. Supported by the Baden-W\u00fcrttemberg Stiftung.<\/p>\n<p><em>Exhibition views<\/em><\/p>\n<div class=\"w-gallery fit_cover wp_gallery type_grid action_popup_image ratio_1x1 count_10\" style=\"--columns:5;--items-gap:8px;\"><div class=\"w-gallery-list\"><div class=\"w-gallery-item\"><div class=\"w-gallery-item-img\"><img loading=\"lazy\" decoding=\"async\" width=\"350\" height=\"350\" src=\"https:\/\/www.af-kulturstiftung.de\/wordpress\/wp-content\/uploads\/WerkStoff_C.-Thomson-350x350.jpeg\" class=\"attachment-us_350_350_crop size-us_350_350_crop\" alt=\"\" srcset=\"https:\/\/www.af-kulturstiftung.de\/wordpress\/wp-content\/uploads\/WerkStoff_C.-Thomson-350x350.jpeg 350w, https:\/\/www.af-kulturstiftung.de\/wordpress\/wp-content\/uploads\/WerkStoff_C.-Thomson-150x150.jpeg 150w, https:\/\/www.af-kulturstiftung.de\/wordpress\/wp-content\/uploads\/WerkStoff_C.-Thomson-600x600.jpeg 600w\" sizes=\"auto, (max-width: 350px) 100vw, 350px\" \/><\/div><a class=\"w-gallery-item-link\" aria-label=\"WerkStoff_C. Thomson\" href=\"https:\/\/www.af-kulturstiftung.de\/wordpress\/wp-content\/uploads\/WerkStoff_C.-Thomson.jpeg\" title=\"WerkStoff_C. Thomson\"><\/a><\/div><div class=\"w-gallery-item\"><div class=\"w-gallery-item-img\"><img loading=\"lazy\" decoding=\"async\" width=\"350\" height=\"350\" src=\"https:\/\/www.af-kulturstiftung.de\/wordpress\/wp-content\/uploads\/ES_Werk.Stoff_April-2015_136-350x350.jpeg\" class=\"attachment-us_350_350_crop size-us_350_350_crop\" alt=\"\" srcset=\"https:\/\/www.af-kulturstiftung.de\/wordpress\/wp-content\/uploads\/ES_Werk.Stoff_April-2015_136-350x350.jpeg 350w, https:\/\/www.af-kulturstiftung.de\/wordpress\/wp-content\/uploads\/ES_Werk.Stoff_April-2015_136-150x150.jpeg 150w, https:\/\/www.af-kulturstiftung.de\/wordpress\/wp-content\/uploads\/ES_Werk.Stoff_April-2015_136-600x600.jpeg 600w\" sizes=\"auto, (max-width: 350px) 100vw, 350px\" \/><\/div><a class=\"w-gallery-item-link\" aria-label=\"ES_Werk.Stoff_April 2015_136\" href=\"https:\/\/www.af-kulturstiftung.de\/wordpress\/wp-content\/uploads\/ES_Werk.Stoff_April-2015_136.jpeg\" title=\"ES_Werk.Stoff_April 2015_136\"><\/a><\/div><div class=\"w-gallery-item\"><div class=\"w-gallery-item-img\"><img loading=\"lazy\" decoding=\"async\" width=\"350\" height=\"350\" src=\"https:\/\/www.af-kulturstiftung.de\/wordpress\/wp-content\/uploads\/ES_Werk.Stoff_April-2015_250-350x350.jpeg\" class=\"attachment-us_350_350_crop size-us_350_350_crop\" alt=\"\" srcset=\"https:\/\/www.af-kulturstiftung.de\/wordpress\/wp-content\/uploads\/ES_Werk.Stoff_April-2015_250-350x350.jpeg 350w, https:\/\/www.af-kulturstiftung.de\/wordpress\/wp-content\/uploads\/ES_Werk.Stoff_April-2015_250-150x150.jpeg 150w, https:\/\/www.af-kulturstiftung.de\/wordpress\/wp-content\/uploads\/ES_Werk.Stoff_April-2015_250-600x600.jpeg 600w\" sizes=\"auto, (max-width: 350px) 100vw, 350px\" \/><\/div><a class=\"w-gallery-item-link\" aria-label=\"ES_Werk.Stoff_April 2015_250\" href=\"https:\/\/www.af-kulturstiftung.de\/wordpress\/wp-content\/uploads\/ES_Werk.Stoff_April-2015_250.jpeg\" title=\"ES_Werk.Stoff_April 2015_250\"><\/a><\/div><div class=\"w-gallery-item\"><div class=\"w-gallery-item-img\"><img loading=\"lazy\" decoding=\"async\" width=\"350\" height=\"350\" src=\"https:\/\/www.af-kulturstiftung.de\/wordpress\/wp-content\/uploads\/ES_Werk.Stoff_April-2015_153-350x350.jpeg\" class=\"attachment-us_350_350_crop size-us_350_350_crop\" alt=\"\" srcset=\"https:\/\/www.af-kulturstiftung.de\/wordpress\/wp-content\/uploads\/ES_Werk.Stoff_April-2015_153-350x350.jpeg 350w, https:\/\/www.af-kulturstiftung.de\/wordpress\/wp-content\/uploads\/ES_Werk.Stoff_April-2015_153-150x150.jpeg 150w, https:\/\/www.af-kulturstiftung.de\/wordpress\/wp-content\/uploads\/ES_Werk.Stoff_April-2015_153-600x600.jpeg 600w\" sizes=\"auto, (max-width: 350px) 100vw, 350px\" \/><\/div><a class=\"w-gallery-item-link\" aria-label=\"ES_Werk.Stoff_April 2015_153\" href=\"https:\/\/www.af-kulturstiftung.de\/wordpress\/wp-content\/uploads\/ES_Werk.Stoff_April-2015_153.jpeg\" title=\"ES_Werk.Stoff_April 2015_153\"><\/a><\/div><div class=\"w-gallery-item\"><div class=\"w-gallery-item-img\"><img loading=\"lazy\" decoding=\"async\" width=\"350\" height=\"350\" src=\"https:\/\/www.af-kulturstiftung.de\/wordpress\/wp-content\/uploads\/ES_Werk.Stoff_DSC_8302-350x350.jpeg\" class=\"attachment-us_350_350_crop size-us_350_350_crop\" alt=\"\" srcset=\"https:\/\/www.af-kulturstiftung.de\/wordpress\/wp-content\/uploads\/ES_Werk.Stoff_DSC_8302-350x350.jpeg 350w, https:\/\/www.af-kulturstiftung.de\/wordpress\/wp-content\/uploads\/ES_Werk.Stoff_DSC_8302-150x150.jpeg 150w\" sizes=\"auto, (max-width: 350px) 100vw, 350px\" \/><\/div><a class=\"w-gallery-item-link\" aria-label=\"ES_Werk.Stoff_DSC_8302\" href=\"https:\/\/www.af-kulturstiftung.de\/wordpress\/wp-content\/uploads\/ES_Werk.Stoff_DSC_8302.jpeg\" title=\"ES_Werk.Stoff_DSC_8302\"><\/a><\/div><div class=\"w-gallery-item\"><div class=\"w-gallery-item-img\"><img loading=\"lazy\" decoding=\"async\" width=\"350\" height=\"350\" src=\"https:\/\/www.af-kulturstiftung.de\/wordpress\/wp-content\/uploads\/ES_Werk.Stoff_April-2015_141-350x350.jpeg\" class=\"attachment-us_350_350_crop size-us_350_350_crop\" alt=\"\" srcset=\"https:\/\/www.af-kulturstiftung.de\/wordpress\/wp-content\/uploads\/ES_Werk.Stoff_April-2015_141-350x350.jpeg 350w, https:\/\/www.af-kulturstiftung.de\/wordpress\/wp-content\/uploads\/ES_Werk.Stoff_April-2015_141-150x150.jpeg 150w, https:\/\/www.af-kulturstiftung.de\/wordpress\/wp-content\/uploads\/ES_Werk.Stoff_April-2015_141-600x600.jpeg 600w\" sizes=\"auto, (max-width: 350px) 100vw, 350px\" \/><\/div><a class=\"w-gallery-item-link\" aria-label=\"ES_Werk.Stoff_April 2015_141\" href=\"https:\/\/www.af-kulturstiftung.de\/wordpress\/wp-content\/uploads\/ES_Werk.Stoff_April-2015_141.jpeg\" title=\"ES_Werk.Stoff_April 2015_141\"><\/a><\/div><div class=\"w-gallery-item\"><div class=\"w-gallery-item-img\"><img loading=\"lazy\" decoding=\"async\" width=\"350\" height=\"350\" src=\"https:\/\/www.af-kulturstiftung.de\/wordpress\/wp-content\/uploads\/ES_Werk.Stoff_DSC_8299-350x350.jpeg\" class=\"attachment-us_350_350_crop size-us_350_350_crop\" alt=\"\" srcset=\"https:\/\/www.af-kulturstiftung.de\/wordpress\/wp-content\/uploads\/ES_Werk.Stoff_DSC_8299-350x350.jpeg 350w, https:\/\/www.af-kulturstiftung.de\/wordpress\/wp-content\/uploads\/ES_Werk.Stoff_DSC_8299-150x150.jpeg 150w\" sizes=\"auto, (max-width: 350px) 100vw, 350px\" \/><\/div><a class=\"w-gallery-item-link\" aria-label=\"ES_Werk.Stoff_DSC_8299\" href=\"https:\/\/www.af-kulturstiftung.de\/wordpress\/wp-content\/uploads\/ES_Werk.Stoff_DSC_8299.jpeg\" title=\"ES_Werk.Stoff_DSC_8299\"><\/a><\/div><div class=\"w-gallery-item\"><div class=\"w-gallery-item-img\"><img loading=\"lazy\" decoding=\"async\" width=\"350\" height=\"350\" src=\"https:\/\/www.af-kulturstiftung.de\/wordpress\/wp-content\/uploads\/ES_Werk.Stoff_April-2015_260-350x350.jpeg\" class=\"attachment-us_350_350_crop size-us_350_350_crop\" alt=\"\" srcset=\"https:\/\/www.af-kulturstiftung.de\/wordpress\/wp-content\/uploads\/ES_Werk.Stoff_April-2015_260-350x350.jpeg 350w, https:\/\/www.af-kulturstiftung.de\/wordpress\/wp-content\/uploads\/ES_Werk.Stoff_April-2015_260-150x150.jpeg 150w, https:\/\/www.af-kulturstiftung.de\/wordpress\/wp-content\/uploads\/ES_Werk.Stoff_April-2015_260-600x600.jpeg 600w\" sizes=\"auto, (max-width: 350px) 100vw, 350px\" \/><\/div><a class=\"w-gallery-item-link\" aria-label=\"ES_Werk.Stoff_April 2015_260\" href=\"https:\/\/www.af-kulturstiftung.de\/wordpress\/wp-content\/uploads\/ES_Werk.Stoff_April-2015_260.jpeg\" title=\"ES_Werk.Stoff_April 2015_260\"><\/a><\/div><div class=\"w-gallery-item\"><div class=\"w-gallery-item-img\"><img loading=\"lazy\" decoding=\"async\" width=\"350\" height=\"350\" src=\"https:\/\/www.af-kulturstiftung.de\/wordpress\/wp-content\/uploads\/ES_Werk.Stoff_April-2015_256-350x350.jpeg\" class=\"attachment-us_350_350_crop size-us_350_350_crop\" alt=\"\" srcset=\"https:\/\/www.af-kulturstiftung.de\/wordpress\/wp-content\/uploads\/ES_Werk.Stoff_April-2015_256-350x350.jpeg 350w, https:\/\/www.af-kulturstiftung.de\/wordpress\/wp-content\/uploads\/ES_Werk.Stoff_April-2015_256-150x150.jpeg 150w, https:\/\/www.af-kulturstiftung.de\/wordpress\/wp-content\/uploads\/ES_Werk.Stoff_April-2015_256-600x600.jpeg 600w\" sizes=\"auto, (max-width: 350px) 100vw, 350px\" \/><\/div><a class=\"w-gallery-item-link\" aria-label=\"ES_Werk.Stoff_April 2015_256\" href=\"https:\/\/www.af-kulturstiftung.de\/wordpress\/wp-content\/uploads\/ES_Werk.Stoff_April-2015_256.jpeg\" title=\"ES_Werk.Stoff_April 2015_256\"><\/a><\/div><div class=\"w-gallery-item\"><div class=\"w-gallery-item-img\"><img loading=\"lazy\" decoding=\"async\" width=\"350\" height=\"350\" src=\"https:\/\/www.af-kulturstiftung.de\/wordpress\/wp-content\/uploads\/ES_Werk.Stoff_April-2015_134-350x350.jpeg\" class=\"attachment-us_350_350_crop size-us_350_350_crop\" alt=\"\" srcset=\"https:\/\/www.af-kulturstiftung.de\/wordpress\/wp-content\/uploads\/ES_Werk.Stoff_April-2015_134-350x350.jpeg 350w, https:\/\/www.af-kulturstiftung.de\/wordpress\/wp-content\/uploads\/ES_Werk.Stoff_April-2015_134-150x150.jpeg 150w, https:\/\/www.af-kulturstiftung.de\/wordpress\/wp-content\/uploads\/ES_Werk.Stoff_April-2015_134-600x600.jpeg 600w\" sizes=\"auto, (max-width: 350px) 100vw, 350px\" \/><\/div><a class=\"w-gallery-item-link\" aria-label=\"ES_Werk.Stoff_April 2015_134\" href=\"https:\/\/www.af-kulturstiftung.de\/wordpress\/wp-content\/uploads\/ES_Werk.Stoff_April-2015_134.jpeg\" title=\"ES_Werk.Stoff_April 2015_134\"><\/a><\/div><\/div><\/div>\n<\/div><\/div><div class=\"w-separator size_custom\" style=\"height:32px\"><\/div><\/div><\/div><\/div><div class=\"vc_col-sm-4 wpb_column vc_column_container\"><div class=\"vc_column-inner\"><div class=\"wpb_wrapper\"><div class=\"w-separator size_medium\"><\/div><div class=\"w-image align_center\"><a ref=\"magnificPopup\" href=\"https:\/\/www.af-kulturstiftung.de\/wordpress\/wp-content\/uploads\/werkstoff-platzhalter.jpg\" aria-label=\"werkstoff-platzhalter\" class=\"w-image-h\"><img decoding=\"async\" width=\"296\" height=\"418\" src=\"https:\/\/www.af-kulturstiftung.de\/wordpress\/wp-content\/uploads\/werkstoff-platzhalter.jpg\" class=\"attachment-full size-full\" alt=\"\" loading=\"lazy\" srcset=\"https:\/\/www.af-kulturstiftung.de\/wordpress\/wp-content\/uploads\/werkstoff-platzhalter.jpg 296w, https:\/\/www.af-kulturstiftung.de\/wordpress\/wp-content\/uploads\/werkstoff-platzhalter-212x300.jpg 212w, https:\/\/www.af-kulturstiftung.de\/wordpress\/wp-content\/uploads\/werkstoff-platzhalter-106x150.jpg 106w\" sizes=\"auto, (max-width: 296px) 100vw, 296px\" \/><\/a><\/div><div class=\"w-separator size_medium\"><\/div><div class=\"w-tabs style_default switch_click accordion has_scrolling\" style=\"--sections-title-size:inherit\"><div class=\"w-tabs-sections titles-align_none icon_chevron cpos_right\"><div class=\"w-tabs-section\" id=\"s762\"><button class=\"w-tabs-section-header\" aria-controls=\"content-s762\" aria-expanded=\"false\"><div class=\"w-tabs-section-title\">Ort<\/div><div class=\"w-tabs-section-control\"><\/div><\/button><div  class=\"w-tabs-section-content\" id=\"content-s762\"><div class=\"w-tabs-section-content-h i-cf\"><div class=\"wpb_text_column\"><div class=\"wpb_wrapper\"><p>Tonnenhalle im M\u00f6ssinger Pausa-Quartier<br \/>\nL\u00f6wensteinplatz 1<br \/>\n72116 M\u00f6ssingen<\/p>\n<\/div><\/div><\/div><\/div><\/div><div class=\"w-tabs-section\" id=\"qa15\"><button class=\"w-tabs-section-header\" aria-controls=\"content-qa15\" aria-expanded=\"false\"><div class=\"w-tabs-section-title\">Vortr\u00e4ge<\/div><div class=\"w-tabs-section-control\"><\/div><\/button><div  class=\"w-tabs-section-content\" id=\"content-qa15\"><div class=\"w-tabs-section-content-h i-cf\"><div class=\"wpb_text_column\"><div class=\"wpb_wrapper\"><ul>\n<li>21. Mai 2015| Prof. Dr. B\u00e4rbel K\u00fcster (Technische Universit\u00e4t Berlin): \u201eAfrika in M\u00f6ssingen: Zur Entstehung von Andreas Felgers Stoffserie &gt;Pausa-Africana&lt; 1964\u201c<\/li>\n<li>25. Juni 2015 | Engelbert Schramm, ehemaliger Pausa-Designer: \u201eDer Weg der Entw\u00fcrfe: Stoffproduktion in der Pausa AG\u201c<\/li>\n<\/ul>\n<p>Die Vortr\u00e4ge finden jeweils um 18 Uhr im Veranstaltungsraum der Tonnenhalle (Erdgeschoss) statt.<br \/>\nDie Teilnahme ist kostenlos und bedarf keiner Voranmeldung.<\/p>\n<\/div><\/div><\/div><\/div><\/div><div class=\"w-tabs-section\" id=\"oca9\"><button class=\"w-tabs-section-header\" aria-controls=\"content-oca9\" aria-expanded=\"false\"><div class=\"w-tabs-section-title\">Presse<\/div><div class=\"w-tabs-section-control\"><\/div><\/button><div  class=\"w-tabs-section-content\" id=\"content-oca9\"><div class=\"w-tabs-section-content-h i-cf\"><div class=\"wpb_text_column\"><div class=\"wpb_wrapper\"><p>Die Pressemitteilung und Pressebilder finden Sie hier:<\/p>\n<ul>\n<li><a href=\"\/wordpress\/wp-content\/uploads\/WerkStoff-A6-Faltblatt.pdf\">Flyer zur WERK.STOFF-Ausstellung<\/a><\/li>\n<\/ul>\n<\/div><\/div><\/div><\/div><\/div><\/div><\/div><\/div><\/div><\/div><\/div><\/div><\/section><section class=\"l-section wpb_row height_medium\"><div class=\"l-section-h i-cf\"><div class=\"g-cols vc_row via_flex valign_top type_default stacking_default\"><div class=\"vc_col-sm-12 wpb_column vc_column_container\"><div class=\"vc_column-inner\"><div class=\"wpb_wrapper\"><\/div><\/div><\/div><\/div><\/div><\/section>\n","protected":false},"excerpt":{"rendered":"<p>Das Textile in der Kunst<br \/>\nM\u00f6ssingen<br \/>\n19.04. &#8211; 12.07.2015<\/p>\n","protected":false},"author":4,"featured_media":15942,"comment_status":"closed","ping_status":"closed","sticky":false,"template":"","format":"standard","meta":{"h5ap_radio_sources":[],"footnotes":""},"categories":[86],"tags":[],"class_list":["post-15941","post","type-post","status-publish","format-standard","has-post-thumbnail","hentry","category-archiv-en"],"_links":{"self":[{"href":"https:\/\/www.af-kulturstiftung.de\/wordpress\/en\/wp-json\/wp\/v2\/posts\/15941","targetHints":{"allow":["GET"]}}],"collection":[{"href":"https:\/\/www.af-kulturstiftung.de\/wordpress\/en\/wp-json\/wp\/v2\/posts"}],"about":[{"href":"https:\/\/www.af-kulturstiftung.de\/wordpress\/en\/wp-json\/wp\/v2\/types\/post"}],"author":[{"embeddable":true,"href":"https:\/\/www.af-kulturstiftung.de\/wordpress\/en\/wp-json\/wp\/v2\/users\/4"}],"replies":[{"embeddable":true,"href":"https:\/\/www.af-kulturstiftung.de\/wordpress\/en\/wp-json\/wp\/v2\/comments?post=15941"}],"version-history":[{"count":0,"href":"https:\/\/www.af-kulturstiftung.de\/wordpress\/en\/wp-json\/wp\/v2\/posts\/15941\/revisions"}],"wp:featuredmedia":[{"embeddable":true,"href":"https:\/\/www.af-kulturstiftung.de\/wordpress\/en\/wp-json\/wp\/v2\/media\/15942"}],"wp:attachment":[{"href":"https:\/\/www.af-kulturstiftung.de\/wordpress\/en\/wp-json\/wp\/v2\/media?parent=15941"}],"wp:term":[{"taxonomy":"category","embeddable":true,"href":"https:\/\/www.af-kulturstiftung.de\/wordpress\/en\/wp-json\/wp\/v2\/categories?post=15941"},{"taxonomy":"post_tag","embeddable":true,"href":"https:\/\/www.af-kulturstiftung.de\/wordpress\/en\/wp-json\/wp\/v2\/tags?post=15941"}],"curies":[{"name":"wp","href":"https:\/\/api.w.org\/{rel}","templated":true}]}}